{"id":2883,"date":"2025-08-01T05:45:23","date_gmt":"2025-08-01T05:45:23","guid":{"rendered":"https:\/\/nowa.gozd.pl\/?p=2883"},"modified":"2025-08-01T05:50:13","modified_gmt":"2025-08-01T05:50:13","slug":"chwala-bohaterom","status":"publish","type":"post","link":"https:\/\/nowa.gozd.pl\/?p=2883","title":{"rendered":"CHWA\u0141A BOHATEROM!"},"content":{"rendered":"\n<p>1 sierpnia 1944 roku dok\u0142adnie o 17.00 wybi\u0142a godzina \u201eW\u201d. Powsta\u0144czy zryw pokaza\u0142 si\u0142\u0119 i charakter polskiego podziemia. M\u0142odzi ludzie, nie patrz\u0105c na konsekwencje, walczyli o wolno\u015b\u0107 i niepodleg\u0142o\u015b\u0107. Wspominaj\u0105c dzi\u015b tamte dramatyczne wydarzenia, nie zapominajmy o tych, kt\u00f3rzy s\u0142u\u017c\u0105c Ojczy\u017anie, oddali za ni\u0105 \u017cycie. B\u0105d\u017amy wdzi\u0119czni za ich niez\u0142omn\u0105 postaw\u0119 i bohaterstwo. Cze\u015b\u0107 Ich pami\u0119ci! Chwa\u0142a Bohaterom!<\/p>\n","protected":false},"excerpt":{"rendered":"<div class=\"mh-excerpt\"><p>1 sierpnia 1944 roku dok\u0142adnie o 17.00 wybi\u0142a godzina \u201eW\u201d. Powsta\u0144czy zryw pokaza\u0142 si\u0142\u0119 i charakter polskiego podziemia. M\u0142odzi ludzie, nie patrz\u0105c na konsekwencje, walczyli o wolno\u015b\u0107 i niepodleg\u0142o\u015b\u0107. Wspominaj\u0105c dzi\u015b tamte dramatyczne wydarzenia, nie <a class=\"mh-excerpt-more\" href=\"https:\/\/nowa.gozd.pl\/?p=2883\" title=\"CHWA\u0141A BOHATEROM!\">[&#8230;]<\/a><\/p>\n<\/div>","protected":false},"author":1,"featured_media":2888,"comment_status":"closed","ping_status":"closed","sticky":false,"template":"template-full.php","format":"standard","meta":{"footnotes":""},"categories":[6],"tags":[],"class_list":{"0":"post-2883","1":"post","2":"type-post","3":"status-publish","4":"format-standard","5":"has-post-thumbnail","7":"category-prawe-boczne"},"_links":{"self":[{"href":"https:\/\/nowa.gozd.pl\/index.php?rest_route=\/wp\/v2\/posts\/2883","targetHints":{"allow":["GET"]}}],"collection":[{"href":"https:\/\/nowa.gozd.pl\/index.php?rest_route=\/wp\/v2\/posts"}],"about":[{"href":"https:\/\/nowa.gozd.pl\/index.php?rest_route=\/wp\/v2\/types\/post"}],"author":[{"embeddable":true,"href":"https:\/\/nowa.gozd.pl\/index.php?rest_route=\/wp\/v2\/users\/1"}],"replies":[{"embeddable":true,"href":"https:\/\/nowa.gozd.pl\/index.php?rest_route=%2Fwp%2Fv2%2Fcomments&post=2883"}],"version-history":[{"count":1,"href":"https:\/\/nowa.gozd.pl\/index.php?rest_route=\/wp\/v2\/posts\/2883\/revisions"}],"predecessor-version":[{"id":2885,"href":"https:\/\/nowa.gozd.pl\/index.php?rest_route=\/wp\/v2\/posts\/2883\/revisions\/2885"}],"wp:featuredmedia":[{"embeddable":true,"href":"https:\/\/nowa.gozd.pl\/index.php?rest_route=\/wp\/v2\/media\/2888"}],"wp:attachment":[{"href":"https:\/\/nowa.gozd.pl\/index.php?rest_route=%2Fwp%2Fv2%2Fmedia&parent=2883"}],"wp:term":[{"taxonomy":"category","embeddable":true,"href":"https:\/\/nowa.gozd.pl\/index.php?rest_route=%2Fwp%2Fv2%2Fcategories&post=2883"},{"taxonomy":"post_tag","embeddable":true,"href":"https:\/\/nowa.gozd.pl\/index.php?rest_route=%2Fwp%2Fv2%2Ftags&post=2883"}],"curies":[{"name":"wp","href":"https:\/\/api.w.org\/{rel}","templated":true}]}}