{"id":2892,"date":"2025-08-05T06:40:45","date_gmt":"2025-08-05T06:40:45","guid":{"rendered":"https:\/\/nowa.gozd.pl\/?p=2892"},"modified":"2025-08-05T06:41:18","modified_gmt":"2025-08-05T06:41:18","slug":"informacja-10","status":"publish","type":"post","link":"https:\/\/nowa.gozd.pl\/?p=2892","title":{"rendered":"INFORMACJA"},"content":{"rendered":"\n<p>W\u00f3jt Gminy G\u00f3zd w oparciu o informacje otrzymane od Wojewody Mazowieckiego uprzejmie informuje, \u017ce zgodnie z art. 13a ust. 1 pkt 2 ustawy o lasach (Dz. U. z 2025 r. poz. 567 ze zm.) w lasach wszystkich form w\u0142asno\u015bci, w tym tak\u017ce w lasach niestanowi\u0105cych w\u0142asno\u015bci Skarbu Pa\u0144stwa, na terenie ca\u0142ego kraju, rozpocz\u0119to realizacj\u0119 zadania pod nazw\u0105 <strong>&#8222;Wykonanie Wielkoobszarowej Inwentaryzacji Stanu Lasu w kraju w latach 2025-2029&#8221; w cyklu 5-letnim.<\/strong><\/p>\n\n\n\n<p>Celem tego opracowania jest okre\u015blenie, a nast\u0119pnie monitorowanie stanu lasu oraz tempa i trendu zachodz\u0105cych w nim zmian. Poza dostarczaniem danych o polskich lasach na potrzeby sprawozdawczo\u015bci krajowej i mi\u0119dzynarodowej oraz banku danych o lasach, pos\u0142u\u017c\u0105 r\u00f3wnie\u017c do formu\u0142owania, realizacji i oceny polityki le\u015bnej Pa\u0144stwa.<\/p>\n\n\n\n<p>Prace zwi\u0105zane z&nbsp;realizacj\u0105 tego przedsi\u0119wzi\u0119cia s\u0105 wykonywane przez przedsi\u0119biorstwo pa\u0144stwowe Biuro Urz\u0105dzania Lasu i&nbsp;Geodezji Le\u015bnej (oddzia\u0142y w: Bia\u0142ymstoku, Brzegu, Gdyni, Gorzowie Wielkopolskim, Krakowie, Lublinie, Olsztynie, Poznaniu, Przemy\u015blu, Radomiu, Szczecinku i&nbsp;Warszawie).<\/p>\n\n\n\n<p><strong>W zwi\u0105zku z&nbsp;prowadzonymi pracami prosimy w\u0142a\u015bcicieli las\u00f3w prywatnych o&nbsp;umo\u017cliwienie pracownikom Biura Urz\u0105dzania Lasu i&nbsp;Geodezji Le\u015bnej dost\u0119pu do teren\u00f3w le\u015bnych.<\/strong><\/p>\n","protected":false},"excerpt":{"rendered":"<div class=\"mh-excerpt\"><p>W\u00f3jt Gminy G\u00f3zd w oparciu o informacje otrzymane od Wojewody Mazowieckiego uprzejmie informuje, \u017ce zgodnie z art. 13a ust. 1 pkt 2 ustawy o lasach (Dz. U. z 2025 r. poz. 567 ze zm.) w <a class=\"mh-excerpt-more\" href=\"https:\/\/nowa.gozd.pl\/?p=2892\" title=\"INFORMACJA\">[&#8230;]<\/a><\/p>\n<\/div>","protected":false},"author":1,"featured_media":2893,"comment_status":"closed","ping_status":"closed","sticky":false,"template":"template-full.php","format":"standard","meta":{"footnotes":""},"categories":[6],"tags":[],"class_list":{"0":"post-2892","1":"post","2":"type-post","3":"status-publish","4":"format-standard","5":"has-post-thumbnail","7":"category-prawe-boczne"},"_links":{"self":[{"href":"https:\/\/nowa.gozd.pl\/index.php?rest_route=\/wp\/v2\/posts\/2892","targetHints":{"allow":["GET"]}}],"collection":[{"href":"https:\/\/nowa.gozd.pl\/index.php?rest_route=\/wp\/v2\/posts"}],"about":[{"href":"https:\/\/nowa.gozd.pl\/index.php?rest_route=\/wp\/v2\/types\/post"}],"author":[{"embeddable":true,"href":"https:\/\/nowa.gozd.pl\/index.php?rest_route=\/wp\/v2\/users\/1"}],"replies":[{"embeddable":true,"href":"https:\/\/nowa.gozd.pl\/index.php?rest_route=%2Fwp%2Fv2%2Fcomments&post=2892"}],"version-history":[{"count":1,"href":"https:\/\/nowa.gozd.pl\/index.php?rest_route=\/wp\/v2\/posts\/2892\/revisions"}],"predecessor-version":[{"id":2894,"href":"https:\/\/nowa.gozd.pl\/index.php?rest_route=\/wp\/v2\/posts\/2892\/revisions\/2894"}],"wp:featuredmedia":[{"embeddable":true,"href":"https:\/\/nowa.gozd.pl\/index.php?rest_route=\/wp\/v2\/media\/2893"}],"wp:attachment":[{"href":"https:\/\/nowa.gozd.pl\/index.php?rest_route=%2Fwp%2Fv2%2Fmedia&parent=2892"}],"wp:term":[{"taxonomy":"category","embeddable":true,"href":"https:\/\/nowa.gozd.pl\/index.php?rest_route=%2Fwp%2Fv2%2Fcategories&post=2892"},{"taxonomy":"post_tag","embeddable":true,"href":"https:\/\/nowa.gozd.pl\/index.php?rest_route=%2Fwp%2Fv2%2Ftags&post=2892"}],"curies":[{"name":"wp","href":"https:\/\/api.w.org\/{rel}","templated":true}]}}