{"id":2895,"date":"2025-08-08T07:33:34","date_gmt":"2025-08-08T07:33:34","guid":{"rendered":"https:\/\/nowa.gozd.pl\/?p=2895"},"modified":"2025-08-08T07:33:34","modified_gmt":"2025-08-08T07:33:34","slug":"ksef-obowiazkowy-od-1-lutego-2026-roku-urzad-skarbowy-zaprasza-na-spotkanie-informacyjne","status":"publish","type":"post","link":"https:\/\/nowa.gozd.pl\/?p=2895","title":{"rendered":"KSeF OBOWI\u0104ZKOWY OD 1 LUTEGO 2026 ROKU. URZ\u0104D SKARBOWY ZAPRASZA NA SPOTKANIE INFORMACYJNE"},"content":{"rendered":"\n<p>W zwi\u0105zku z nadchodz\u0105cym obowi\u0105zkiem wystawiania e-faktur, Pierwszy Urz\u0105d Skarbowy w Radomiu zaprasza do udzia\u0142u w drugim cyklu letnich spotka\u0144 informacyjnych o Krajowym Systemie e-Faktur (KSeF).<\/p>\n\n\n\n<p>Najbli\u017csze spotkanie stacjonarne odb\u0119dzie si\u0119 w siedzibie I US w Radomiu, ul. Zbrowskiego 106, II pi\u0119tro, sala 326, a jego tematem b\u0119dzie \u201eUwierzytelnienie i autoryzacja w KSeF\u201d<\/p>\n\n\n\n<p>Czym jest KSeF?<\/p>\n\n\n\n<p>To og\u00f3lnopolski system teleinformatyczny do wystawiania i odbierania faktur ustrukturyzowanych (elektronicznych).<\/p>\n\n\n\n<p>KSeF wchodzi w \u017cycie:<\/p>\n\n\n\n<p>Od 1 lutego 2026 r. \u2013 dla du\u017cych podatnik\u00f3w<\/p>\n\n\n\n<p>Od 1 kwietnia 2026 r. \u2013 dla pozosta\u0142ych przedsi\u0119biorc\u00f3w<\/p>\n\n\n\n<p>Od 1 stycznia 2027 r. \u2013 dla najmniejszych firm (sprzeda\u017c poni\u017cej 10 tys. z\u0142\/mies.)<\/p>\n\n\n\n<p>Zach\u0119camy przedsi\u0119biorc\u00f3w z terenu Gminy G\u00f3zd do skorzystania z bezp\u0142atnych spotka\u0144 informacyjnych i przygotowania si\u0119 do nadchodz\u0105cych zmian.<\/p>\n","protected":false},"excerpt":{"rendered":"<div class=\"mh-excerpt\"><p>W zwi\u0105zku z nadchodz\u0105cym obowi\u0105zkiem wystawiania e-faktur, Pierwszy Urz\u0105d Skarbowy w Radomiu zaprasza do udzia\u0142u w drugim cyklu letnich spotka\u0144 informacyjnych o Krajowym Systemie e-Faktur (KSeF). Najbli\u017csze spotkanie stacjonarne odb\u0119dzie si\u0119 w siedzibie I US <a class=\"mh-excerpt-more\" href=\"https:\/\/nowa.gozd.pl\/?p=2895\" title=\"KSeF OBOWI\u0104ZKOWY OD 1 LUTEGO 2026 ROKU. URZ\u0104D SKARBOWY ZAPRASZA NA SPOTKANIE INFORMACYJNE\">[&#8230;]<\/a><\/p>\n<\/div>","protected":false},"author":1,"featured_media":2896,"comment_status":"closed","ping_status":"closed","sticky":false,"template":"template-full.php","format":"standard","meta":{"footnotes":""},"categories":[6],"tags":[],"class_list":{"0":"post-2895","1":"post","2":"type-post","3":"status-publish","4":"format-standard","5":"has-post-thumbnail","7":"category-prawe-boczne"},"_links":{"self":[{"href":"https:\/\/nowa.gozd.pl\/index.php?rest_route=\/wp\/v2\/posts\/2895","targetHints":{"allow":["GET"]}}],"collection":[{"href":"https:\/\/nowa.gozd.pl\/index.php?rest_route=\/wp\/v2\/posts"}],"about":[{"href":"https:\/\/nowa.gozd.pl\/index.php?rest_route=\/wp\/v2\/types\/post"}],"author":[{"embeddable":true,"href":"https:\/\/nowa.gozd.pl\/index.php?rest_route=\/wp\/v2\/users\/1"}],"replies":[{"embeddable":true,"href":"https:\/\/nowa.gozd.pl\/index.php?rest_route=%2Fwp%2Fv2%2Fcomments&post=2895"}],"version-history":[{"count":1,"href":"https:\/\/nowa.gozd.pl\/index.php?rest_route=\/wp\/v2\/posts\/2895\/revisions"}],"predecessor-version":[{"id":2897,"href":"https:\/\/nowa.gozd.pl\/index.php?rest_route=\/wp\/v2\/posts\/2895\/revisions\/2897"}],"wp:featuredmedia":[{"embeddable":true,"href":"https:\/\/nowa.gozd.pl\/index.php?rest_route=\/wp\/v2\/media\/2896"}],"wp:attachment":[{"href":"https:\/\/nowa.gozd.pl\/index.php?rest_route=%2Fwp%2Fv2%2Fmedia&parent=2895"}],"wp:term":[{"taxonomy":"category","embeddable":true,"href":"https:\/\/nowa.gozd.pl\/index.php?rest_route=%2Fwp%2Fv2%2Fcategories&post=2895"},{"taxonomy":"post_tag","embeddable":true,"href":"https:\/\/nowa.gozd.pl\/index.php?rest_route=%2Fwp%2Fv2%2Ftags&post=2895"}],"curies":[{"name":"wp","href":"https:\/\/api.w.org\/{rel}","templated":true}]}}