{"id":2909,"date":"2025-08-14T09:26:50","date_gmt":"2025-08-14T09:26:50","guid":{"rendered":"https:\/\/nowa.gozd.pl\/?p=2909"},"modified":"2025-08-14T11:51:38","modified_gmt":"2025-08-14T11:51:38","slug":"dowoz-dzieci-niepelnosprawnych-w-roku-szkolnym-2025-2026","status":"publish","type":"post","link":"https:\/\/nowa.gozd.pl\/?p=2909","title":{"rendered":"DOW\u00d3Z DZIECI NIEPE\u0141NOSPRAWNYCH W ROKU SZKOLNYM 2025\/2026"},"content":{"rendered":"\n<p>&nbsp;<br>Urz\u0105d Gminy w Go\u017adzie informuje, \u017ce termin sk\u0142adania wniosk\u00f3w w sprawie zorganizowania bezp\u0142atnego transportu i opieki w czasie przewozu dzieci\/uczni\u00f3w niepe\u0142nosprawnych do plac\u00f3wek o\u015bwiatowych na rok szkolny 2025\/2026 up\u0142ywa <strong>28 sierpnia 2025 roku.<\/strong> Szczeg\u00f3\u0142owe informacje oraz formularz wniosku wraz z za\u0142\u0105cznikami (do pobrania) poni\u017cej.<br>&nbsp;<\/p>\n\n\n\n<p><strong>DOW\u00d3Z PRZYS\u0141UGUJE:<\/strong><\/p>\n\n\n\n<p>&#8211; Niepe\u0142nosprawnym dzieciom pi\u0119cio i sze\u015bcioletnim oraz dzieciom obj\u0119tym wychowaniem przedszkolnym na podstawie art. 31 ust. 2 ustawy Prawo o\u015bwiatowe, w czasie przewozu do najbli\u017cszego przedszkola, oddzia\u0142u przedszkolnego w szkole podstawowej, innej formy wychowania przedszkolnego lub o\u015brodka rewalidacyjno-wychowawczego.,<\/p>\n\n\n\n<p>&#8211; dzieciom w wieku powy\u017cej siedmiu lat, kt\u00f3re posiadaj\u0105 orzeczenie o potrzebie kszta\u0142cenia specjalnego i maj\u0105 odroczony obowi\u0105zek szkolny, a chodz\u0105 do przedszkola (nie d\u0142u\u017cej ni\u017c do ko\u0144ca roku szkolnego w roku, w kt\u00f3rym dziecko ko\u0144czy 9 lat),<\/p>\n\n\n\n<p>&#8211; uczniom posiadaj\u0105cym orzeczenie o potrzebie kszta\u0142cenia specjalnego ucz\u0119szczaj\u0105cym do szko\u0142y podstawowej,<\/p>\n\n\n\n<p>&#8211; uczniom posiadaj\u0105cym orzeczenie o potrzebie kszta\u0142cenia specjalnego ucz\u0119szczaj\u0105cym do szko\u0142y ponadpodstawowej (nie d\u0142u\u017cej ni\u017c do ko\u0144ca roku szkolnego w roku kalendarzowym, w kt\u00f3rym ucze\u0144 ko\u0144czy 24 lata) z: niepe\u0142nosprawno\u015bci\u0105 ruchow\u0105, afazj\u0105, niepe\u0142nosprawno\u015bci\u0105 intelektualn\u0105 w stopniu umiarkowanym lub znacznym,<\/p>\n\n\n\n<p>&#8211; dzieciom i m\u0142odzie\u017cy posiadaj\u0105cym orzeczenie o potrzebie zaj\u0119\u0107 rewalidacyjno- wychowawczych i uczestnicz\u0105cych w zaj\u0119ciach rewalidacyjno-wychowawczych (nie d\u0142u\u017cej ni\u017c do ko\u0144ca roku szkolnego w roku kalendarzowym, w kt\u00f3rym ko\u0144cz\u0105 25 lat).<\/p>\n\n\n\n<p><strong>DOW\u00d3Z MO\u017bE BY\u0106 REALIZOWANY W DW\u00d3CH FORMACH:<\/strong><\/p>\n\n\n\n<p><strong>I. DOW\u00d3Z ZBIOROWY<\/strong><\/p>\n\n\n\n<p>To zbiorowy, bezp\u0142atny transport i opieka w czasie przewozu do najbli\u017cszej plac\u00f3wki o\u015bwiatowej w dni nauki szkolnej i przez 10 miesi\u0119cy w roku szkolnym w przypadku dzieci chodz\u0105cych do przedszkola oraz dzieci i m\u0142odzie\u017cy posiadaj\u0105cych orzeczenie o potrzebie zaj\u0119\u0107 rewalidacyjno-wychowawczych. Gdy dziecko realizuje obowi\u0105zek wychowania przedszkolnego lub chodzi do szko\u0142y, ta forma transportu dotyczy tylko dowozu do najbli\u017cszej plac\u00f3wki. Poj\u0119cie \u201enajbli\u017csza plac\u00f3wka\u201d rozumiane jest jako ta geograficznie najbli\u017csza plac\u00f3wka, kt\u00f3ra spe\u0142nia wymogi zawarte w orzeczeniu o potrzebie kszta\u0142cenia specjalnego wydanego dla ka\u017cdego dziecka indywidualnie.<\/p>\n\n\n\n<p>Ze wzgl\u0119du na konieczno\u015b\u0107 organizacji dowozu od 1&nbsp;wrze\u015bnia 2025&nbsp;r. i zaplanowania wydatk\u00f3w na ten cel, wniosek o dow\u00f3z niepe\u0142nosprawnego dziecka do przedszkola\/szko\u0142y\/ plac\u00f3wki o\u015bwiatowej w roku szkolnym 2025\/2026&nbsp;wraz z wymaganymi dokumentami i klauzul\u0105 informacyjn\u0105 o przetwarzaniu danych osobowych nale\u017cy z\u0142o\u017cy\u0107 w terminie <strong>do 28 sierpnia danego roku w Urz\u0119dzie Gminy G\u00f3zd.<\/strong><\/p>\n\n\n\n<p><strong>Rodzice zainteresowani t\u0105 form\u0105 dowozu powinni z\u0142o\u017cy\u0107 nast\u0119puj\u0105ce dokumenty:<\/strong><\/p>\n\n\n\n<ul class=\"wp-block-list\">\n<li>wniosek o transport zbiorowy<\/li>\n\n\n\n<li>aktualne orzeczenie poradni psychologiczno-pedagogicznej o potrzebie kszta\u0142cenia-specjalnego lub aktualne orzeczenie z poradni o potrzebie kszta\u0142cenia rewalidacyjno-wychowawczego do okazania pracownikowi w celu potwierdzenia aktualno\u015bci<\/li>\n\n\n\n<li>potwierdzenie przyj\u0119cia lub kontynuacji nauki w plac\u00f3wce o\u015bwiatowej<\/li>\n<\/ul>\n\n\n\n<p><strong>II. DOW\u00d3Z INDYWIDUALNY<\/strong><\/p>\n\n\n\n<p>Rodzice mog\u0105 indywidualnie dowozi\u0107 swoje dziecko do plac\u00f3wki o\u015bwiatowej. Powierzenie ww. zadania nast\u0119puje na podstawie umowy cywilnoprawnej zawartej pomi\u0119dzy rodzicem a&nbsp;W\u00f3jtem Gminy G\u00f3zd. Umowa zawierana jest na rok szkolny, a okres obowi\u0105zywania liczony jest od dnia z\u0142o\u017cenia wniosku.<\/p>\n\n\n\n<p>Wymogiem korzystania z tej formy dowozu jest, aby rodzice\/opiekunowie prawni byli w\u0142a\u015bcicielami samochodu.<\/p>\n\n\n\n<p>Zwrotu koszt\u00f3w przejazdu dzieci, m\u0142odzie\u017cy i uczni\u00f3w niepe\u0142nosprawnych oraz rodzic\u00f3w z miejsca zamieszkania do przedszkola, punktu przedszkolnego, szko\u0142y lub o\u015brodka zapewnianego przez rodzic\u00f3w prywatnym samochodem osobowym dokonuje si\u0119 na podstawie umowy pomi\u0119dzy rodzicami a W\u00f3jtem Gminy G\u00f3zd. Podstaw\u0105 zawarcia umowy jest pozytywne rozpatrzenie wniosku o dow\u00f3z indywidualny. Wniosek wraz z kompletem wymaganych za\u0142\u0105cznik\u00f3w sk\u0142ada si\u0119 w Urz\u0119dzie Gminy G\u00f3zd. Zwrot koszt\u00f3w przejazdu dzieci, m\u0142odzie\u017cy i uczni\u00f3w niepe\u0142nosprawnych w przyj\u0119tym okresie rozliczeniowym nast\u0119puje na podstawie: rozliczenia miesi\u0119cznego &#8211; przew\u00f3z dziecka przez rodzica\/opiekuna prawnego, kt\u00f3rego wz\u00f3r stanowi za\u0142\u0105cznik nr 3 do Zarz\u0105dzenia W\u00f3jta Gminy G\u00f3zd. Rozliczenie miesi\u0119czne przewozu dziecka sk\u0142ada si\u0119 w Zespole Ekonomiczno-Administracyjnym Szk\u00f3\u0142 w Go\u017adzie pok. 102 nie p\u00f3\u017aniej ni\u017c do 10 dnia miesi\u0105ca nast\u0119puj\u0105cego po przyj\u0119tym okresie rozliczeniowym, w kt\u00f3rym realizowano dow\u00f3z dziecka.<\/p>\n\n\n\n<p><strong>Rodzice zainteresowani t\u0105 form\u0105 dowozu powinni z\u0142o\u017cy\u0107 nast\u0119puj\u0105ce dokumenty:<\/strong><\/p>\n\n\n\n<ul class=\"wp-block-list\">\n<li>wniosek w sprawie dowozu ucznia niepe\u0142nosprawnego do szko\u0142y\/przedszkola\/o\u015brodka&nbsp; \u2013 rodzica&nbsp; (prawnego opiekuna) dziecka niepe\u0142nosprawnego<\/li>\n\n\n\n<li>aktualne orzeczenie poradni psychologiczno-pedagogicznej o potrzebie kszta\u0142cenia-specjalnego lub aktualne orzeczenie z poradni o potrzebie kszta\u0142cenia rewalidacyjno-wychowawczego do okazania pracownikowi w celu potwierdzenia aktualno\u015bci<\/li>\n\n\n\n<li>potwierdzenie przyj\u0119cia lub kontynuacji nauki w plac\u00f3wce o\u015bwiatowej<\/li>\n\n\n\n<li>kopie dowodu rejestracyjnego pojazdu wykorzystywanego do przewozu dziecka\/ucznia (tylko w przypadku dowo\u017cenia prywatnym samochodem osobowym).<\/li>\n<\/ul>\n\n\n\n<p><strong>Miejsce sk\u0142adania wniosk\u00f3w:<\/strong><\/p>\n\n\n\n<p>Urz\u0105d&nbsp;Gminy G\u00f3zd<br>ul. Radomska7, 26-634 G\u00f3zd<\/p>\n\n\n\n<p><strong>Kom\u00f3rka odpowiedzialna&nbsp; i w\u0142a\u015bciwa do za\u0142atwienia sprawy:<\/strong><\/p>\n\n\n\n<p>Zesp\u00f3\u0142 Ekonomiczno-Administracyjny Szk\u00f3\u0142 w Go\u017adzie, tel. 48\/&nbsp;320 23 57<\/p>\n\n\n\n<p><strong>Podstawa prawna<\/strong><\/p>\n\n\n\n<p>Obowi\u0105zki Gminy w zakresie dowozu opisuje art. 32, art. 39 i art. 39a ustawy z dnia 14 grudnia 2016 r. Prawo o\u015bwiatowe (Dz. U. z 2021 r. poz. 1082 z p\u00f3\u017an. zm. )<\/p>\n\n\n\n<p><strong>Za\u0142\u0105czniki:<\/strong><\/p>\n\n\n\n<p><a href=\"https:\/\/nowa.gozd.pl\/wp-content\/uploads\/2025\/08\/Zarzadzenie_Nr_43_2025.pdf\">Zarz\u0105dzenie W\u00f3jta Gminy G\u00f3zd<\/a><\/p>\n\n\n\n<ol start=\"1\" class=\"wp-block-list\">\n<li>Za\u0142\u0105cznik Nr 1 do ww. zarz\u0105dzenia &#8211;<a href=\"https:\/\/nowa.gozd.pl\/wp-content\/uploads\/2025\/08\/zalacznik-nr-1.doc\">Wniosek o dow\u00f3z zbiorowy<\/a><\/li>\n\n\n\n<li>Za\u0142\u0105cznik Nr 2 do ww. zarz\u0105dzenia &#8211;<a href=\"https:\/\/nowa.gozd.pl\/wp-content\/uploads\/2025\/08\/zalacznik-nr-2.docx\">Wniosek o dow\u00f3z indywidualny<\/a><\/li>\n\n\n\n<li>Za\u0142\u0105cznik Nr 3 do ww. zarz\u0105dzenia &#8211; <a href=\"https:\/\/nowa.gozd.pl\/wp-content\/uploads\/2025\/08\/zalacznik-nr-3.docx\">Rozliczenie miesi\u0119czne &#8211; przew\u00f3z dziecka przez rodzica opiekuna prawnego.<\/a><\/li>\n\n\n\n<li>Za\u0142\u0105cznik Nr 4 do ww. zarz\u0105dzenia &#8211; <a href=\"https:\/\/nowa.gozd.pl\/wp-content\/uploads\/2025\/08\/zalacznik-nr-4.docx\">Wz\u00f3r umowy<\/a><\/li>\n<\/ol>\n\n\n\n<p><\/p>\n","protected":false},"excerpt":{"rendered":"<div class=\"mh-excerpt\"><p>&nbsp;Urz\u0105d Gminy w Go\u017adzie informuje, \u017ce termin sk\u0142adania wniosk\u00f3w w sprawie zorganizowania bezp\u0142atnego transportu i opieki w czasie przewozu dzieci\/uczni\u00f3w niepe\u0142nosprawnych do plac\u00f3wek o\u015bwiatowych na rok szkolny 2025\/2026 up\u0142ywa 28 sierpnia 2025 roku. Szczeg\u00f3\u0142owe informacje <a class=\"mh-excerpt-more\" href=\"https:\/\/nowa.gozd.pl\/?p=2909\" title=\"DOW\u00d3Z DZIECI NIEPE\u0141NOSPRAWNYCH W ROKU SZKOLNYM 2025\/2026\">[&#8230;]<\/a><\/p>\n<\/div>","protected":false},"author":1,"featured_media":2916,"comment_status":"closed","ping_status":"closed","sticky":false,"template":"template-full.php","format":"standard","meta":{"footnotes":""},"categories":[6],"tags":[],"class_list":{"0":"post-2909","1":"post","2":"type-post","3":"status-publish","4":"format-standard","5":"has-post-thumbnail","7":"category-prawe-boczne"},"_links":{"self":[{"href":"https:\/\/nowa.gozd.pl\/index.php?rest_route=\/wp\/v2\/posts\/2909","targetHints":{"allow":["GET"]}}],"collection":[{"href":"https:\/\/nowa.gozd.pl\/index.php?rest_route=\/wp\/v2\/posts"}],"about":[{"href":"https:\/\/nowa.gozd.pl\/index.php?rest_route=\/wp\/v2\/types\/post"}],"author":[{"embeddable":true,"href":"https:\/\/nowa.gozd.pl\/index.php?rest_route=\/wp\/v2\/users\/1"}],"replies":[{"embeddable":true,"href":"https:\/\/nowa.gozd.pl\/index.php?rest_route=%2Fwp%2Fv2%2Fcomments&post=2909"}],"version-history":[{"count":2,"href":"https:\/\/nowa.gozd.pl\/index.php?rest_route=\/wp\/v2\/posts\/2909\/revisions"}],"predecessor-version":[{"id":2922,"href":"https:\/\/nowa.gozd.pl\/index.php?rest_route=\/wp\/v2\/posts\/2909\/revisions\/2922"}],"wp:featuredmedia":[{"embeddable":true,"href":"https:\/\/nowa.gozd.pl\/index.php?rest_route=\/wp\/v2\/media\/2916"}],"wp:attachment":[{"href":"https:\/\/nowa.gozd.pl\/index.php?rest_route=%2Fwp%2Fv2%2Fmedia&parent=2909"}],"wp:term":[{"taxonomy":"category","embeddable":true,"href":"https:\/\/nowa.gozd.pl\/index.php?rest_route=%2Fwp%2Fv2%2Fcategories&post=2909"},{"taxonomy":"post_tag","embeddable":true,"href":"https:\/\/nowa.gozd.pl\/index.php?rest_route=%2Fwp%2Fv2%2Ftags&post=2909"}],"curies":[{"name":"wp","href":"https:\/\/api.w.org\/{rel}","templated":true}]}}