{"id":2918,"date":"2025-08-14T11:47:33","date_gmt":"2025-08-14T11:47:33","guid":{"rendered":"https:\/\/nowa.gozd.pl\/?p=2918"},"modified":"2025-08-14T11:47:33","modified_gmt":"2025-08-14T11:47:33","slug":"wojsko-polskie-nasza-duma-dziekujemy-za-sluzbe","status":"publish","type":"post","link":"https:\/\/nowa.gozd.pl\/?p=2918","title":{"rendered":"WOJSKO POLSKIE &#8211; NASZA DUMA! DZI\u0118KUJEMY ZA S\u0141U\u017bB\u0118"},"content":{"rendered":"\n<p>15 sierpnia obchodzimy \u015awi\u0119to Wojska Polskiego, kt\u00f3re zosta\u0142o ustanowione na pami\u0105tk\u0119 zwyci\u0119skiej Bitwy Warszawskiej. Ta kluczowa dla los\u00f3w Europy bitwa mia\u0142a miejsce w dniach 12\u201315 sierpnia 1920 roku podczas wojny polsko-bolszewickiej. Wydarzenia z ni\u0105 zwi\u0105zane by\u0142y bowiem decyduj\u0105ce dla zachowania przez Polsk\u0119 niepodleg\u0142o\u015bci i udaremni\u0142y plany rozprzestrzenienia rewolucji bolszewickiej na Europ\u0119 Zachodni\u0105. Bitwa Warszawska, cz\u0119sto nazywana \u201eCudem nad Wis\u0142\u0105\u201d, jest symbolem polskiego heroizmu i strategicznej bieg\u0142o\u015bci dow\u00f3dc\u00f3w. Kluczow\u0105 rol\u0119 w zwyci\u0119stwie odegra\u0142 manewr Wojska Polskiego, zrealizowany wed\u0142ug planu Naczelnego Wodza Polskich Si\u0142 Zbrojnych J\u00f3zefa Pi\u0142sudskiego. 15 sierpnia 1920 roku w godzinach nocnych, pierwsze oddzia\u0142y 21 Dywizji G\u00f3rskiej rozpocz\u0119\u0142y forsowanie Wieprza pod Kockiem. Kontrofensywa ta doprowadzi\u0142a do odparcia wojsk Armii Czerwonej na przedpolach Warszawy. W wyniku bitwy, po stronie polskiej zgin\u0119\u0142o oko\u0142o 4,5 tysi\u0105ca \u017co\u0142nierzy, 22 tysi\u0105ce zosta\u0142o rannych, a 10 tysi\u0119cy uznano za zaginionych.<\/p>\n","protected":false},"excerpt":{"rendered":"<div class=\"mh-excerpt\"><p>15 sierpnia obchodzimy \u015awi\u0119to Wojska Polskiego, kt\u00f3re zosta\u0142o ustanowione na pami\u0105tk\u0119 zwyci\u0119skiej Bitwy Warszawskiej. Ta kluczowa dla los\u00f3w Europy bitwa mia\u0142a miejsce w dniach 12\u201315 sierpnia 1920 roku podczas wojny polsko-bolszewickiej. Wydarzenia z ni\u0105 zwi\u0105zane <a class=\"mh-excerpt-more\" href=\"https:\/\/nowa.gozd.pl\/?p=2918\" title=\"WOJSKO POLSKIE &#8211; NASZA DUMA! DZI\u0118KUJEMY ZA S\u0141U\u017bB\u0118\">[&#8230;]<\/a><\/p>\n<\/div>","protected":false},"author":1,"featured_media":2919,"comment_status":"closed","ping_status":"closed","sticky":false,"template":"template-full.php","format":"standard","meta":{"footnotes":""},"categories":[6],"tags":[],"class_list":{"0":"post-2918","1":"post","2":"type-post","3":"status-publish","4":"format-standard","5":"has-post-thumbnail","7":"category-prawe-boczne"},"_links":{"self":[{"href":"https:\/\/nowa.gozd.pl\/index.php?rest_route=\/wp\/v2\/posts\/2918","targetHints":{"allow":["GET"]}}],"collection":[{"href":"https:\/\/nowa.gozd.pl\/index.php?rest_route=\/wp\/v2\/posts"}],"about":[{"href":"https:\/\/nowa.gozd.pl\/index.php?rest_route=\/wp\/v2\/types\/post"}],"author":[{"embeddable":true,"href":"https:\/\/nowa.gozd.pl\/index.php?rest_route=\/wp\/v2\/users\/1"}],"replies":[{"embeddable":true,"href":"https:\/\/nowa.gozd.pl\/index.php?rest_route=%2Fwp%2Fv2%2Fcomments&post=2918"}],"version-history":[{"count":1,"href":"https:\/\/nowa.gozd.pl\/index.php?rest_route=\/wp\/v2\/posts\/2918\/revisions"}],"predecessor-version":[{"id":2920,"href":"https:\/\/nowa.gozd.pl\/index.php?rest_route=\/wp\/v2\/posts\/2918\/revisions\/2920"}],"wp:featuredmedia":[{"embeddable":true,"href":"https:\/\/nowa.gozd.pl\/index.php?rest_route=\/wp\/v2\/media\/2919"}],"wp:attachment":[{"href":"https:\/\/nowa.gozd.pl\/index.php?rest_route=%2Fwp%2Fv2%2Fmedia&parent=2918"}],"wp:term":[{"taxonomy":"category","embeddable":true,"href":"https:\/\/nowa.gozd.pl\/index.php?rest_route=%2Fwp%2Fv2%2Fcategories&post=2918"},{"taxonomy":"post_tag","embeddable":true,"href":"https:\/\/nowa.gozd.pl\/index.php?rest_route=%2Fwp%2Fv2%2Ftags&post=2918"}],"curies":[{"name":"wp","href":"https:\/\/api.w.org\/{rel}","templated":true}]}}