{"id":2930,"date":"2025-10-03T09:19:57","date_gmt":"2025-10-03T09:19:57","guid":{"rendered":"https:\/\/nowa.gozd.pl\/?p=2930"},"modified":"2025-10-03T09:24:42","modified_gmt":"2025-10-03T09:24:42","slug":"konferencja-adaptacja-do-zmian-klimatu-rola-doradcow-energetycznych-w-obliczu-wyzwan-i-zagrozen","status":"publish","type":"post","link":"https:\/\/nowa.gozd.pl\/?p=2930","title":{"rendered":"KONFERENCJA \u201eADAPTACJA DO ZMIAN KLIMATU \u2013 ROLA DORADC\u00d3W ENERGETYCZNYCH W OBLICZU WYZWA\u0143 I ZAGRO\u017bE\u0143\u201d"},"content":{"rendered":"\n<p>Wojew\u00f3dzki Fundusz Ochrony \u015arodowiska i Gospodarki Wodnej w Warszawie zaprasza zainteresowane osoby do udzia\u0142u w konferencji po\u015bwi\u0119conej adaptacji do zmian klimatu i roli Doradc\u00f3w Energetycznych w tym procesie.<\/p>\n\n\n\n<p>W programie znajd\u0105 si\u0119 wyst\u0105pienia znakomitych ekspert\u00f3w z Las\u00f3w Pa\u0144stwowych, Urz\u0119du Miejskiego w Radomiu, Ligi Ochrony Przyrody, Zielonej Akcji Radom oraz Doradc\u00f3w Energetycznych WFO\u015aiGW w Warszawie.<\/p>\n\n\n\n<p>Spotkanie b\u0119dzie r\u00f3wnie\u017c okazj\u0105 do zaprezentowania nowego oblicza Projektu Doradztwa Energetycznego. Program zosta\u0142 rozszerzony o komponent klimatyczny, co pozwala na pe\u0142niejsze wsparcie doradcze samorz\u0105d\u00f3w, instytucji i mieszka\u0144c\u00f3w w zmieniaj\u0105cym si\u0119 \u015bwiecie.<\/p>\n\n\n\n<p><img loading=\"lazy\" decoding=\"async\" height=\"16\" width=\"16\" alt=\"\ud83d\udcc5\" src=\"https:\/\/static.xx.fbcdn.net\/images\/emoji.php\/v9\/t7e\/1\/16\/1f4c5.png\"> 9 pa\u017adziernika 2025 r.<\/p>\n\n\n\n<p><img loading=\"lazy\" decoding=\"async\" height=\"16\" width=\"16\" alt=\"\u23f0\" src=\"https:\/\/static.xx.fbcdn.net\/images\/emoji.php\/v9\/t34\/1\/16\/23f0.png\">godz. 10.0<\/p>\n\n\n\n<p><img loading=\"lazy\" decoding=\"async\" height=\"16\" width=\"16\" alt=\"\ud83c\udfe2\" src=\"https:\/\/static.xx.fbcdn.net\/images\/emoji.php\/v9\/tf8\/1\/16\/1f3e2.png\"> Regionalna Dyrekcja Las\u00f3w Pa\u0144stwowych w Radomiu, ul. 25 Czerwca 68<\/p>\n\n\n\n<p><img loading=\"lazy\" decoding=\"async\" height=\"16\" width=\"16\" alt=\"\ud83d\udc49\" src=\"https:\/\/static.xx.fbcdn.net\/images\/emoji.php\/v9\/t51\/1\/16\/1f449.png\"> Wst\u0119p wolny<\/p>\n\n\n\n<p>W razie dodatkowych pyta\u0144 zwi\u0105zanych z wydarzeniem nale\u017cy kontaktowa\u0107 si\u0119 bezpo\u015brednio z Doradcami Energetycznymi WFO\u015aiGW w Warszawie, Wydzia\u0142 Zamiejscowy w Radomiu nr tel.: 48 368 00 80 lub 83.<\/p>\n\n\n\n<div class=\"wp-block-columns is-layout-flex wp-container-core-columns-is-layout-9d6595d7 wp-block-columns-is-layout-flex\">\n<div class=\"wp-block-column is-layout-flow wp-block-column-is-layout-flow\">\n<figure data-wp-context=\"{&quot;imageId&quot;:&quot;69f0f0045f75a&quot;}\" data-wp-interactive=\"core\/image\" data-wp-key=\"69f0f0045f75a\" class=\"wp-block-image size-full wp-lightbox-container\"><img loading=\"lazy\" decoding=\"async\" width=\"477\" height=\"670\" data-wp-class--hide=\"state.isContentHidden\" data-wp-class--show=\"state.isContentVisible\" data-wp-init=\"callbacks.setButtonStyles\" data-wp-on--click=\"actions.showLightbox\" data-wp-on--load=\"callbacks.setButtonStyles\" data-wp-on-window--resize=\"callbacks.setButtonStyles\" src=\"https:\/\/nowa.gozd.pl\/wp-content\/uploads\/2025\/10\/FE-plakat-A3v1-1.jpg\" alt=\"\" class=\"wp-image-2932\" srcset=\"https:\/\/nowa.gozd.pl\/wp-content\/uploads\/2025\/10\/FE-plakat-A3v1-1.jpg 477w, https:\/\/nowa.gozd.pl\/wp-content\/uploads\/2025\/10\/FE-plakat-A3v1-1-214x300.jpg 214w\" sizes=\"auto, (max-width: 477px) 100vw, 477px\" \/><button\n\t\t\tclass=\"lightbox-trigger\"\n\t\t\ttype=\"button\"\n\t\t\taria-haspopup=\"dialog\"\n\t\t\taria-label=\"Powi\u0119ksz\"\n\t\t\tdata-wp-init=\"callbacks.initTriggerButton\"\n\t\t\tdata-wp-on--click=\"actions.showLightbox\"\n\t\t\tdata-wp-style--right=\"state.imageButtonRight\"\n\t\t\tdata-wp-style--top=\"state.imageButtonTop\"\n\t\t>\n\t\t\t<svg xmlns=\"http:\/\/www.w3.org\/2000\/svg\" width=\"12\" height=\"12\" fill=\"none\" viewBox=\"0 0 12 12\">\n\t\t\t\t<path fill=\"#fff\" d=\"M2 0a2 2 0 0 0-2 2v2h1.5V2a.5.5 0 0 1 .5-.5h2V0H2Zm2 10.5H2a.5.5 0 0 1-.5-.5V8H0v2a2 2 0 0 0 2 2h2v-1.5ZM8 12v-1.5h2a.5.5 0 0 0 .5-.5V8H12v2a2 2 0 0 1-2 2H8Zm2-12a2 2 0 0 1 2 2v2h-1.5V2a.5.5 0 0 0-.5-.5H8V0h2Z\" \/>\n\t\t\t<\/svg>\n\t\t<\/button><\/figure>\n<\/div>\n\n\n\n<div class=\"wp-block-column is-layout-flow wp-block-column-is-layout-flow\">\n<figure data-wp-context=\"{&quot;imageId&quot;:&quot;69f0f0045ff77&quot;}\" data-wp-interactive=\"core\/image\" data-wp-key=\"69f0f0045ff77\" class=\"wp-block-image size-full wp-lightbox-container\"><img loading=\"lazy\" decoding=\"async\" width=\"496\" height=\"701\" data-wp-class--hide=\"state.isContentHidden\" data-wp-class--show=\"state.isContentVisible\" data-wp-init=\"callbacks.setButtonStyles\" data-wp-on--click=\"actions.showLightbox\" data-wp-on--load=\"callbacks.setButtonStyles\" data-wp-on-window--resize=\"callbacks.setButtonStyles\" src=\"https:\/\/nowa.gozd.pl\/wp-content\/uploads\/2025\/10\/Agenda.jpg\" alt=\"\" class=\"wp-image-2933\" srcset=\"https:\/\/nowa.gozd.pl\/wp-content\/uploads\/2025\/10\/Agenda.jpg 496w, https:\/\/nowa.gozd.pl\/wp-content\/uploads\/2025\/10\/Agenda-212x300.jpg 212w\" sizes=\"auto, (max-width: 496px) 100vw, 496px\" \/><button\n\t\t\tclass=\"lightbox-trigger\"\n\t\t\ttype=\"button\"\n\t\t\taria-haspopup=\"dialog\"\n\t\t\taria-label=\"Powi\u0119ksz\"\n\t\t\tdata-wp-init=\"callbacks.initTriggerButton\"\n\t\t\tdata-wp-on--click=\"actions.showLightbox\"\n\t\t\tdata-wp-style--right=\"state.imageButtonRight\"\n\t\t\tdata-wp-style--top=\"state.imageButtonTop\"\n\t\t>\n\t\t\t<svg xmlns=\"http:\/\/www.w3.org\/2000\/svg\" width=\"12\" height=\"12\" fill=\"none\" viewBox=\"0 0 12 12\">\n\t\t\t\t<path fill=\"#fff\" d=\"M2 0a2 2 0 0 0-2 2v2h1.5V2a.5.5 0 0 1 .5-.5h2V0H2Zm2 10.5H2a.5.5 0 0 1-.5-.5V8H0v2a2 2 0 0 0 2 2h2v-1.5ZM8 12v-1.5h2a.5.5 0 0 0 .5-.5V8H12v2a2 2 0 0 1-2 2H8Zm2-12a2 2 0 0 1 2 2v2h-1.5V2a.5.5 0 0 0-.5-.5H8V0h2Z\" \/>\n\t\t\t<\/svg>\n\t\t<\/button><\/figure>\n<\/div>\n<\/div>\n\n\n\n<p><\/p>\n","protected":false},"excerpt":{"rendered":"<div class=\"mh-excerpt\"><p>Wojew\u00f3dzki Fundusz Ochrony \u015arodowiska i Gospodarki Wodnej w Warszawie zaprasza zainteresowane osoby do udzia\u0142u w konferencji po\u015bwi\u0119conej adaptacji do zmian klimatu i roli Doradc\u00f3w Energetycznych w tym procesie. W programie znajd\u0105 si\u0119 wyst\u0105pienia znakomitych ekspert\u00f3w <a class=\"mh-excerpt-more\" href=\"https:\/\/nowa.gozd.pl\/?p=2930\" title=\"KONFERENCJA \u201eADAPTACJA DO ZMIAN KLIMATU \u2013 ROLA DORADC\u00d3W ENERGETYCZNYCH W OBLICZU WYZWA\u0143 I ZAGRO\u017bE\u0143\u201d\">[&#8230;]<\/a><\/p>\n<\/div>","protected":false},"author":1,"featured_media":2935,"comment_status":"closed","ping_status":"closed","sticky":false,"template":"template-full.php","format":"standard","meta":{"footnotes":""},"categories":[6],"tags":[],"class_list":{"0":"post-2930","1":"post","2":"type-post","3":"status-publish","4":"format-standard","5":"has-post-thumbnail","7":"category-prawe-boczne"},"_links":{"self":[{"href":"https:\/\/nowa.gozd.pl\/index.php?rest_route=\/wp\/v2\/posts\/2930","targetHints":{"allow":["GET"]}}],"collection":[{"href":"https:\/\/nowa.gozd.pl\/index.php?rest_route=\/wp\/v2\/posts"}],"about":[{"href":"https:\/\/nowa.gozd.pl\/index.php?rest_route=\/wp\/v2\/types\/post"}],"author":[{"embeddable":true,"href":"https:\/\/nowa.gozd.pl\/index.php?rest_route=\/wp\/v2\/users\/1"}],"replies":[{"embeddable":true,"href":"https:\/\/nowa.gozd.pl\/index.php?rest_route=%2Fwp%2Fv2%2Fcomments&post=2930"}],"version-history":[{"count":1,"href":"https:\/\/nowa.gozd.pl\/index.php?rest_route=\/wp\/v2\/posts\/2930\/revisions"}],"predecessor-version":[{"id":2934,"href":"https:\/\/nowa.gozd.pl\/index.php?rest_route=\/wp\/v2\/posts\/2930\/revisions\/2934"}],"wp:featuredmedia":[{"embeddable":true,"href":"https:\/\/nowa.gozd.pl\/index.php?rest_route=\/wp\/v2\/media\/2935"}],"wp:attachment":[{"href":"https:\/\/nowa.gozd.pl\/index.php?rest_route=%2Fwp%2Fv2%2Fmedia&parent=2930"}],"wp:term":[{"taxonomy":"category","embeddable":true,"href":"https:\/\/nowa.gozd.pl\/index.php?rest_route=%2Fwp%2Fv2%2Fcategories&post=2930"},{"taxonomy":"post_tag","embeddable":true,"href":"https:\/\/nowa.gozd.pl\/index.php?rest_route=%2Fwp%2Fv2%2Ftags&post=2930"}],"curies":[{"name":"wp","href":"https:\/\/api.w.org\/{rel}","templated":true}]}}