{"id":3169,"date":"2025-11-18T08:44:02","date_gmt":"2025-11-18T08:44:02","guid":{"rendered":"https:\/\/nowa.gozd.pl\/?p=3169"},"modified":"2025-11-18T08:44:17","modified_gmt":"2025-11-18T08:44:17","slug":"przyjdz-i-zapytaj-o-fundusze-europejskie","status":"publish","type":"post","link":"https:\/\/nowa.gozd.pl\/?p=3169","title":{"rendered":"PRZYJD\u0179 I ZAPYTAJ O FUNDUSZE EUROPEJSKIE"},"content":{"rendered":"\n<p>Konsultant Lokalnego Punktu Informacyjnego Funduszy Europejskich w Radomiu przy Mazowieckiej Jednostce Wdra\u017cania Program\u00f3w Unijnych zaprasza mieszka\u0144c\u00f3w Gminy G\u00f3zd na spotkanie informacyjne dotycz\u0105ce mo\u017cliwo\u015bci pozyskiwania funduszy europejskich. <strong>Konsultacje prowadzone b\u0119d\u0105 w dniu 20.11.2025 r. (czwartek) w godzinach 10:30-13:30 na terenie Urz\u0119du Gminy G\u00f3zd.\u00a0<\/strong><\/p>\n\n\n<div class=\"wp-block-image\">\n<figure class=\"aligncenter size-large\"><img loading=\"lazy\" decoding=\"async\" width=\"1024\" height=\"1024\" src=\"https:\/\/nowa.gozd.pl\/wp-content\/uploads\/2025\/11\/INFO_181125-1024x1024.png\" alt=\"\" class=\"wp-image-3170\" srcset=\"https:\/\/nowa.gozd.pl\/wp-content\/uploads\/2025\/11\/INFO_181125-1024x1024.png 1024w, https:\/\/nowa.gozd.pl\/wp-content\/uploads\/2025\/11\/INFO_181125-300x300.png 300w, https:\/\/nowa.gozd.pl\/wp-content\/uploads\/2025\/11\/INFO_181125-150x150.png 150w, https:\/\/nowa.gozd.pl\/wp-content\/uploads\/2025\/11\/INFO_181125-768x768.png 768w, https:\/\/nowa.gozd.pl\/wp-content\/uploads\/2025\/11\/INFO_181125.png 1080w\" sizes=\"auto, (max-width: 1024px) 100vw, 1024px\" \/><\/figure>\n<\/div>","protected":false},"excerpt":{"rendered":"<div class=\"mh-excerpt\"><p>Konsultant Lokalnego Punktu Informacyjnego Funduszy Europejskich w Radomiu przy Mazowieckiej Jednostce Wdra\u017cania Program\u00f3w Unijnych zaprasza mieszka\u0144c\u00f3w Gminy G\u00f3zd na spotkanie informacyjne dotycz\u0105ce mo\u017cliwo\u015bci pozyskiwania funduszy europejskich. Konsultacje prowadzone b\u0119d\u0105 w dniu 20.11.2025 r. (czwartek) w <a class=\"mh-excerpt-more\" href=\"https:\/\/nowa.gozd.pl\/?p=3169\" title=\"PRZYJD\u0179 I ZAPYTAJ O FUNDUSZE EUROPEJSKIE\">[&#8230;]<\/a><\/p>\n<\/div>","protected":false},"author":1,"featured_media":3171,"comment_status":"closed","ping_status":"closed","sticky":false,"template":"template-full.php","format":"standard","meta":{"footnotes":""},"categories":[6],"tags":[],"class_list":{"0":"post-3169","1":"post","2":"type-post","3":"status-publish","4":"format-standard","5":"has-post-thumbnail","7":"category-prawe-boczne"},"_links":{"self":[{"href":"https:\/\/nowa.gozd.pl\/index.php?rest_route=\/wp\/v2\/posts\/3169","targetHints":{"allow":["GET"]}}],"collection":[{"href":"https:\/\/nowa.gozd.pl\/index.php?rest_route=\/wp\/v2\/posts"}],"about":[{"href":"https:\/\/nowa.gozd.pl\/index.php?rest_route=\/wp\/v2\/types\/post"}],"author":[{"embeddable":true,"href":"https:\/\/nowa.gozd.pl\/index.php?rest_route=\/wp\/v2\/users\/1"}],"replies":[{"embeddable":true,"href":"https:\/\/nowa.gozd.pl\/index.php?rest_route=%2Fwp%2Fv2%2Fcomments&post=3169"}],"version-history":[{"count":1,"href":"https:\/\/nowa.gozd.pl\/index.php?rest_route=\/wp\/v2\/posts\/3169\/revisions"}],"predecessor-version":[{"id":3172,"href":"https:\/\/nowa.gozd.pl\/index.php?rest_route=\/wp\/v2\/posts\/3169\/revisions\/3172"}],"wp:featuredmedia":[{"embeddable":true,"href":"https:\/\/nowa.gozd.pl\/index.php?rest_route=\/wp\/v2\/media\/3171"}],"wp:attachment":[{"href":"https:\/\/nowa.gozd.pl\/index.php?rest_route=%2Fwp%2Fv2%2Fmedia&parent=3169"}],"wp:term":[{"taxonomy":"category","embeddable":true,"href":"https:\/\/nowa.gozd.pl\/index.php?rest_route=%2Fwp%2Fv2%2Fcategories&post=3169"},{"taxonomy":"post_tag","embeddable":true,"href":"https:\/\/nowa.gozd.pl\/index.php?rest_route=%2Fwp%2Fv2%2Ftags&post=3169"}],"curies":[{"name":"wp","href":"https:\/\/api.w.org\/{rel}","templated":true}]}}