{"id":3180,"date":"2025-11-20T11:33:43","date_gmt":"2025-11-20T11:33:43","guid":{"rendered":"https:\/\/nowa.gozd.pl\/?p=3180"},"modified":"2025-11-20T11:36:42","modified_gmt":"2025-11-20T11:36:42","slug":"sesja-zwyczajna-rady-gminy-gozd-6","status":"publish","type":"post","link":"https:\/\/nowa.gozd.pl\/?p=3180","title":{"rendered":"SESJA ZWYCZAJNA RADY GMINY G\u00d3ZD"},"content":{"rendered":"\n<p>Przewodnicz\u0105cy Rady Gminy G\u00f3zd pan Jan Wasiak informuje, \u017ce <strong>27 listopada<\/strong> <strong>2025 r. (czwartek) o godz. 10:00<\/strong> w siedzibie Urz\u0119du Gminy w Go\u017adzie odb\u0119dzie si\u0119 sesja zwyczajna Rady Gminy G\u00f3zd z nast\u0119puj\u0105cym porz\u0105dkiem obrad:<\/p>\n\n\n\n<p>1. Otwarcie sesji.<\/p>\n\n\n\n<p>2. Przyj\u0119cie porz\u0105dku obrad.<\/p>\n\n\n\n<p>3. Przyj\u0119cie protoko\u0142u z poprzedniej sesji.<\/p>\n\n\n\n<p>4. Informacja W\u00f3jta o pracy mi\u0119dzy sesjami.<\/p>\n\n\n\n<p>5. Zapytania i wnioski radnych.<\/p>\n\n\n\n<p>6. Informacja w sprawie o\u015bwiadcze\u0144 maj\u0105tkowych sk\u0142adanych przez radnych i pracownik\u00f3w samorz\u0105dowych:<\/p>\n\n\n\n<p>a) wyst\u0105pienie Przewodnicz\u0105cego Rady Gminy G\u00f3zd,<\/p>\n\n\n\n<p>b) wyst\u0105pienie W\u00f3jta Gminy G\u00f3zd.<\/p>\n\n\n\n<p>7. Podj\u0119cia uchwa\u0142 w sprawie:<\/p>\n\n\n\n<p>a) uchwalenia rocznego Programu wsp\u00f3\u0142pracy gminy G\u00f3zd z organizacjami pozarz\u0105dowymi oraz innymi podmiotami prowadz\u0105cymi dzia\u0142alno\u015b\u0107 po\u017cytku publicznego na 2026 rok \/projekt I\/,<\/p>\n\n\n\n<p>b) zmian w wieloletnim programie gospodarowania mieszkaniowym zasobem gminy na lata 2025-2029 \/projekt II\/,<\/p>\n\n\n\n<p>c) nadania nazwy \u201eDiamentowa\u201d wewn\u0119trznej drodze dojazdowej w miejscowo\u015bci Ma\u0142\u0119czyn \/projekt III\/,<\/p>\n\n\n\n<p>d) nadania nazwy wewn\u0119trznej drodze dojazdowej stanowi\u0105cej przed\u0142u\u017cenie ulicy D\u0119bowej\u00a0w miejscowo\u015bci Ma\u0142\u0119czyn \/projekt IV\/,<\/p>\n\n\n\n<p>e) zwolnie\u0144 w podatku od nieruchomo\u015bci na 2026 rok \/projekt V\/,<\/p>\n\n\n\n<p>f) uchwalenia stawek podatku od nieruchomo\u015bci na rok 2026 \/projekt VI\/,<\/p>\n\n\n\n<p>g) ustalenia wysoko\u015bci stawek podatku od \u015brodk\u00f3w transportowych na 2026 rok oraz zwolnie\u0144 w tym podatku \/projekt VII\/,<\/p>\n\n\n\n<p>h) obni\u017cenia \u015bredniej ceny skupu \u017cyta dla cel\u00f3w wymiaru podatku rolnego na 2026 rok \/projekt VIII\/,<\/p>\n\n\n\n<p>i) poboru w drodze inkasa podatku rolnego, le\u015bnego, od nieruchomo\u015bci od os\u00f3b fizycznych oraz ustalenia wynagrodzenia za inkaso \/projekt IX\/,<\/p>\n\n\n\n<p>j) poboru op\u0142aty za gospodarowanie odpadami komunalnymi w drodze inkasa, wyznaczenia inkasent\u00f3w i okre\u015blenia wynagrodzenia za inkaso \/projekt X\/,<\/p>\n\n\n\n<p>k) zmian w bud\u017cecie gminy na 2025 rok \/projekt XI\/.<\/p>\n\n\n\n<p>8. Sprawy r\u00f3\u017cne.<\/p>\n\n\n\n<p>9. Zako\u0144czenie obrad.<\/p>\n","protected":false},"excerpt":{"rendered":"<div class=\"mh-excerpt\"><p>Przewodnicz\u0105cy Rady Gminy G\u00f3zd pan Jan Wasiak informuje, \u017ce 27 listopada 2025 r. (czwartek) o godz. 10:00 w siedzibie Urz\u0119du Gminy w Go\u017adzie odb\u0119dzie si\u0119 sesja zwyczajna Rady Gminy G\u00f3zd z nast\u0119puj\u0105cym porz\u0105dkiem obrad: 1. <a class=\"mh-excerpt-more\" href=\"https:\/\/nowa.gozd.pl\/?p=3180\" title=\"SESJA ZWYCZAJNA RADY GMINY G\u00d3ZD\">[&#8230;]<\/a><\/p>\n<\/div>","protected":false},"author":1,"featured_media":3181,"comment_status":"closed","ping_status":"closed","sticky":false,"template":"template-full.php","format":"standard","meta":{"footnotes":""},"categories":[6],"tags":[],"class_list":{"0":"post-3180","1":"post","2":"type-post","3":"status-publish","4":"format-standard","5":"has-post-thumbnail","7":"category-prawe-boczne"},"_links":{"self":[{"href":"https:\/\/nowa.gozd.pl\/index.php?rest_route=\/wp\/v2\/posts\/3180","targetHints":{"allow":["GET"]}}],"collection":[{"href":"https:\/\/nowa.gozd.pl\/index.php?rest_route=\/wp\/v2\/posts"}],"about":[{"href":"https:\/\/nowa.gozd.pl\/index.php?rest_route=\/wp\/v2\/types\/post"}],"author":[{"embeddable":true,"href":"https:\/\/nowa.gozd.pl\/index.php?rest_route=\/wp\/v2\/users\/1"}],"replies":[{"embeddable":true,"href":"https:\/\/nowa.gozd.pl\/index.php?rest_route=%2Fwp%2Fv2%2Fcomments&post=3180"}],"version-history":[{"count":2,"href":"https:\/\/nowa.gozd.pl\/index.php?rest_route=\/wp\/v2\/posts\/3180\/revisions"}],"predecessor-version":[{"id":3184,"href":"https:\/\/nowa.gozd.pl\/index.php?rest_route=\/wp\/v2\/posts\/3180\/revisions\/3184"}],"wp:featuredmedia":[{"embeddable":true,"href":"https:\/\/nowa.gozd.pl\/index.php?rest_route=\/wp\/v2\/media\/3181"}],"wp:attachment":[{"href":"https:\/\/nowa.gozd.pl\/index.php?rest_route=%2Fwp%2Fv2%2Fmedia&parent=3180"}],"wp:term":[{"taxonomy":"category","embeddable":true,"href":"https:\/\/nowa.gozd.pl\/index.php?rest_route=%2Fwp%2Fv2%2Fcategories&post=3180"},{"taxonomy":"post_tag","embeddable":true,"href":"https:\/\/nowa.gozd.pl\/index.php?rest_route=%2Fwp%2Fv2%2Ftags&post=3180"}],"curies":[{"name":"wp","href":"https:\/\/api.w.org\/{rel}","templated":true}]}}