{"id":3195,"date":"2025-11-24T14:55:27","date_gmt":"2025-11-24T14:55:27","guid":{"rendered":"https:\/\/nowa.gozd.pl\/?p=3195"},"modified":"2025-11-24T14:55:28","modified_gmt":"2025-11-24T14:55:28","slug":"segregacja-odpadow-to-obowiazek-nie-wybor","status":"publish","type":"post","link":"https:\/\/nowa.gozd.pl\/?p=3195","title":{"rendered":"SEGREGACJA ODPAD\u00d3W &#8211; TO OBOWI\u0104ZEK, NIE WYB\u00d3R!"},"content":{"rendered":"\n<p>Zgodnie z obowi\u0105zuj\u0105cymi przepisami prawa ka\u017cdy mieszkaniec ma obowi\u0105zek prowadzenia selektywnej zbi\u00f3rki odpad\u00f3w komunalnych. Brak w\u0142a\u015bciwej segregacji powoduje niskie poziomy recyklingu, przygotowania do ponownego u\u017cycia oraz ograniczenie masy odpad\u00f3w komunalnych ulegaj\u0105cych biodegradacji przekazywanych do sk\u0142adowania (art. 3b ustawy z dnia 13 wrze\u015bnia 1996 r. o utrzymaniu czysto\u015bci i porz\u0105dku w gminach Dz.U.2025.0.733 t.j.). Nieosi\u0105gni\u0119te wymogi z zakresu gospodarowania odpadami skutkuj\u0105 nak\u0142adaniem na gminy kar finansowych. W przypadku ich na\u0142o\u017cenia na gmin\u0119 G\u00f3zd, b\u0119dziemy zmuszeni pokry\u0107 koszty z bud\u017cetu, a to<strong> mo\u017ce bezpo\u015brednio prze\u0142o\u017cy\u0107 si\u0119 na wzrost op\u0142at za odbi\u00f3r odpad\u00f3w.<\/strong><\/p>\n\n\n\n<p>W dalszym ci\u0105gu stosunek odpad\u00f3w zmieszanych do segregowanych jest zbyt du\u017cy. A to w\u0142a\u015bnie <strong>za odpady niesegregowane p\u0142acimy najwi\u0119cej, bo \u015brednio ok. 100&nbsp;000,00 z\u0142 miesi\u0119cznie<\/strong>.<\/p>\n\n\n\n<p>Naszym wsp\u00f3lnym celem powinna wi\u0119c by\u0107 prawid\u0142owa i rzetelna segregacja odpad\u00f3w. Nale\u017cy przy tym zaznaczy\u0107, \u017ce tylko wsp\u00f3lne zaanga\u017cowanie pomo\u017ce sprosta\u0107 wymaganiom unijnym.<\/p>\n\n\n\n<p class=\"has-vivid-green-cyan-color has-text-color has-link-color wp-elements-9acf8c2836c635501a9e878df46ee206\"><strong>Aby unikn\u0105\u0107 kar finansowych, trzeba pami\u0119ta\u0107 o podstawowych zasadach segregacji \u015bmieci:<\/strong><\/p>\n\n\n\n<p><strong>Do pojemnika na metale i tworzywa sztuczne<\/strong> mo\u017cemy wyrzuca\u0107 r\u00f3\u017cnego rodzaju plastikowe butelki, opakowania po produktach spo\u017cywczych, np. kartony po mleku, sokach, plastikowe torby, worki, reklam\u00f3wki, folie aluminiowe, puszki, kapsle itp. z wyj\u0105tkiem opakowa\u0144 po olejach samochodowych i smarach, baterii i akumulator\u00f3w, opakowa\u0144 po farbach i lakierach, cz\u0119\u015bci samochodowych, folii budowlanej.<\/p>\n\n\n\n<p><strong>Do niebieskiego kosza na papier<\/strong> wyrzucamy opakowania z papieru, kartonu, tektury, r\u00f3\u017cnego rodzaju gazety, papier, zeszyty, torby, worki papierowe. Do pojemnika na papier nie mo\u017cna natomiast wyrzuca\u0107 zu\u017cytych chusteczek, r\u0119cznik\u00f3w, brudnego papieru lub zat\u0142uszczonego, karton\u00f3w po produktach spo\u017cywczych, jak np. mleko, przecie\u017c pomidorowy.<\/p>\n\n\n\n<p><strong>Do pojemnika na szk\u0142o<\/strong> wyrzucamy butelki i s\u0142oiki po napojach oraz \u017cywno\u015bci, zawsze bez zawarto\u015bci. Do zielonego pojemnika wbrew pozorom nie mo\u017cna wyrzuca\u0107 pot\u0142uczonej ceramiki, porcelany, szk\u0142a \u017caroodpornego, szyb okiennych, luster, szk\u0142a okularowego, \u017car\u00f3wek, termometr\u00f3w rt\u0119ciowych, monitor\u00f3w czy zniczy z woskiem.<\/p>\n\n\n\n<p><strong>Do kosza na odpady biodegradowalne<\/strong> wyrzucamy wszelkiego rodzaju odpadki ro\u015blinne, ga\u0142\u0119zie, traw\u0119, resztki jedzenia, li\u015bcie, kwiaty, ale jednocze\u015bnie do pojemnika BIO nie mo\u017cemy wyrzuca\u0107 resztek zwierz\u0119cych, ko\u015bci zwierz\u0119cych, odpad\u00f3w mi\u0119snych, popio\u0142u, oleju, ziemi i kamieni, odchod\u00f3w zwierz\u0105t, lek\u00f3w, drewna impregnowanego, p\u0142yt wi\u00f3rowych i pil\u015bniowych MDF i innych odpad\u00f3w komunalnych (w tym niebezpiecznych).<\/p>\n\n\n\n<p><strong>Do kosza z odpadami zmieszanymi<\/strong> nale\u017cy wrzuca\u0107 wszystkie te odpady, kt\u00f3rych nie mo\u017cemy zakwalifikowa\u0107 do \u017cadnego z ww. pojemnik\u00f3w, m. in. resztki mi\u0119s, w\u0119dlin, ryb oraz ko\u015bci, mokry\u00a0\u00a0\u00a0\u00a0\u00a0\u00a0\u00a0\u00a0\u00a0\u00a0\u00a0\u00a0\u00a0\u00a0i zabrudzony papier oraz zabrudzone folie, fajans, blistry puste po lekach z zastrze\u017ceniem, \u017ce do \u015bmieci zmieszanych zabrania si\u0119 wyrzuca\u0107 odpady niebezpieczne, takie jak np. akumulatory, leki czy elektro\u015bmieci.<\/p>\n","protected":false},"excerpt":{"rendered":"<div class=\"mh-excerpt\"><p>Zgodnie z obowi\u0105zuj\u0105cymi przepisami prawa ka\u017cdy mieszkaniec ma obowi\u0105zek prowadzenia selektywnej zbi\u00f3rki odpad\u00f3w komunalnych. Brak w\u0142a\u015bciwej segregacji powoduje niskie poziomy recyklingu, przygotowania do ponownego u\u017cycia oraz ograniczenie masy odpad\u00f3w komunalnych ulegaj\u0105cych biodegradacji przekazywanych do sk\u0142adowania <a class=\"mh-excerpt-more\" href=\"https:\/\/nowa.gozd.pl\/?p=3195\" title=\"SEGREGACJA ODPAD\u00d3W &#8211; TO OBOWI\u0104ZEK, NIE WYB\u00d3R!\">[&#8230;]<\/a><\/p>\n<\/div>","protected":false},"author":1,"featured_media":3196,"comment_status":"closed","ping_status":"closed","sticky":false,"template":"template-full.php","format":"standard","meta":{"footnotes":""},"categories":[6],"tags":[],"class_list":{"0":"post-3195","1":"post","2":"type-post","3":"status-publish","4":"format-standard","5":"has-post-thumbnail","7":"category-prawe-boczne"},"_links":{"self":[{"href":"https:\/\/nowa.gozd.pl\/index.php?rest_route=\/wp\/v2\/posts\/3195","targetHints":{"allow":["GET"]}}],"collection":[{"href":"https:\/\/nowa.gozd.pl\/index.php?rest_route=\/wp\/v2\/posts"}],"about":[{"href":"https:\/\/nowa.gozd.pl\/index.php?rest_route=\/wp\/v2\/types\/post"}],"author":[{"embeddable":true,"href":"https:\/\/nowa.gozd.pl\/index.php?rest_route=\/wp\/v2\/users\/1"}],"replies":[{"embeddable":true,"href":"https:\/\/nowa.gozd.pl\/index.php?rest_route=%2Fwp%2Fv2%2Fcomments&post=3195"}],"version-history":[{"count":1,"href":"https:\/\/nowa.gozd.pl\/index.php?rest_route=\/wp\/v2\/posts\/3195\/revisions"}],"predecessor-version":[{"id":3197,"href":"https:\/\/nowa.gozd.pl\/index.php?rest_route=\/wp\/v2\/posts\/3195\/revisions\/3197"}],"wp:featuredmedia":[{"embeddable":true,"href":"https:\/\/nowa.gozd.pl\/index.php?rest_route=\/wp\/v2\/media\/3196"}],"wp:attachment":[{"href":"https:\/\/nowa.gozd.pl\/index.php?rest_route=%2Fwp%2Fv2%2Fmedia&parent=3195"}],"wp:term":[{"taxonomy":"category","embeddable":true,"href":"https:\/\/nowa.gozd.pl\/index.php?rest_route=%2Fwp%2Fv2%2Fcategories&post=3195"},{"taxonomy":"post_tag","embeddable":true,"href":"https:\/\/nowa.gozd.pl\/index.php?rest_route=%2Fwp%2Fv2%2Ftags&post=3195"}],"curies":[{"name":"wp","href":"https:\/\/api.w.org\/{rel}","templated":true}]}}