{"id":3198,"date":"2025-11-25T07:57:06","date_gmt":"2025-11-25T07:57:06","guid":{"rendered":"https:\/\/nowa.gozd.pl\/?p=3198"},"modified":"2025-11-25T07:57:07","modified_gmt":"2025-11-25T07:57:07","slug":"czy-wiesz-jak-zachowac-sie-w-sytuacji-kryzysowej","status":"publish","type":"post","link":"https:\/\/nowa.gozd.pl\/?p=3198","title":{"rendered":"CZY WIESZ, JAK ZACHOWA\u0106 SI\u0118 W SYTUACJI KRYZYSOWEJ?"},"content":{"rendered":"\n<p>W\u00f3jt Gminy G\u00f3zd pan Pawe\u0142 Dziewit oraz starosta powiatu radomskiego pan Waldemar Trelka zapraszaj\u0105 mieszka\u0144c\u00f3w gminy G\u00f3zd na otwarte spotkanie z cyklu &#8222;GOTOWI NA KRYZYS&#8221;. <\/p>\n\n\n\n<p>Termin: <strong>14 grudnia 2025 r., godz. 15:30.<\/strong><\/p>\n\n\n\n<p> Miejsce: <strong>Zesp\u00f3\u0142 Szk\u00f3\u0142 w Go\u017adzie.<\/strong> <\/p>\n\n\n\n<p>Wi\u0119cej&#8230;<\/p>\n\n\n<div class=\"wp-block-image\">\n<figure class=\"aligncenter size-full\"><img loading=\"lazy\" decoding=\"async\" width=\"495\" height=\"700\" src=\"https:\/\/nowa.gozd.pl\/wp-content\/uploads\/2025\/11\/Gotowi-na-kryzys-plakat.png\" alt=\"\" class=\"wp-image-3199\" srcset=\"https:\/\/nowa.gozd.pl\/wp-content\/uploads\/2025\/11\/Gotowi-na-kryzys-plakat.png 495w, https:\/\/nowa.gozd.pl\/wp-content\/uploads\/2025\/11\/Gotowi-na-kryzys-plakat-212x300.png 212w\" sizes=\"auto, (max-width: 495px) 100vw, 495px\" \/><\/figure>\n<\/div>","protected":false},"excerpt":{"rendered":"<div class=\"mh-excerpt\"><p>W\u00f3jt Gminy G\u00f3zd pan Pawe\u0142 Dziewit oraz starosta powiatu radomskiego pan Waldemar Trelka zapraszaj\u0105 mieszka\u0144c\u00f3w gminy G\u00f3zd na otwarte spotkanie z cyklu &#8222;GOTOWI NA KRYZYS&#8221;. Termin: 14 grudnia 2025 r., godz. 15:30. Miejsce: Zesp\u00f3\u0142 Szk\u00f3\u0142 <a class=\"mh-excerpt-more\" href=\"https:\/\/nowa.gozd.pl\/?p=3198\" title=\"CZY WIESZ, JAK ZACHOWA\u0106 SI\u0118 W SYTUACJI KRYZYSOWEJ?\">[&#8230;]<\/a><\/p>\n<\/div>","protected":false},"author":1,"featured_media":3200,"comment_status":"closed","ping_status":"closed","sticky":false,"template":"template-full.php","format":"standard","meta":{"footnotes":""},"categories":[6],"tags":[],"class_list":{"0":"post-3198","1":"post","2":"type-post","3":"status-publish","4":"format-standard","5":"has-post-thumbnail","7":"category-prawe-boczne"},"_links":{"self":[{"href":"https:\/\/nowa.gozd.pl\/index.php?rest_route=\/wp\/v2\/posts\/3198","targetHints":{"allow":["GET"]}}],"collection":[{"href":"https:\/\/nowa.gozd.pl\/index.php?rest_route=\/wp\/v2\/posts"}],"about":[{"href":"https:\/\/nowa.gozd.pl\/index.php?rest_route=\/wp\/v2\/types\/post"}],"author":[{"embeddable":true,"href":"https:\/\/nowa.gozd.pl\/index.php?rest_route=\/wp\/v2\/users\/1"}],"replies":[{"embeddable":true,"href":"https:\/\/nowa.gozd.pl\/index.php?rest_route=%2Fwp%2Fv2%2Fcomments&post=3198"}],"version-history":[{"count":1,"href":"https:\/\/nowa.gozd.pl\/index.php?rest_route=\/wp\/v2\/posts\/3198\/revisions"}],"predecessor-version":[{"id":3201,"href":"https:\/\/nowa.gozd.pl\/index.php?rest_route=\/wp\/v2\/posts\/3198\/revisions\/3201"}],"wp:featuredmedia":[{"embeddable":true,"href":"https:\/\/nowa.gozd.pl\/index.php?rest_route=\/wp\/v2\/media\/3200"}],"wp:attachment":[{"href":"https:\/\/nowa.gozd.pl\/index.php?rest_route=%2Fwp%2Fv2%2Fmedia&parent=3198"}],"wp:term":[{"taxonomy":"category","embeddable":true,"href":"https:\/\/nowa.gozd.pl\/index.php?rest_route=%2Fwp%2Fv2%2Fcategories&post=3198"},{"taxonomy":"post_tag","embeddable":true,"href":"https:\/\/nowa.gozd.pl\/index.php?rest_route=%2Fwp%2Fv2%2Ftags&post=3198"}],"curies":[{"name":"wp","href":"https:\/\/api.w.org\/{rel}","templated":true}]}}