{"id":3223,"date":"2025-05-21T08:51:01","date_gmt":"2025-05-21T08:51:01","guid":{"rendered":"https:\/\/nowa.gozd.pl\/?p=3223"},"modified":"2025-11-28T08:57:27","modified_gmt":"2025-11-28T08:57:27","slug":"gmina-gozd-uczestnikiem-programu-aktywny-as-aktywna-szkola","status":"publish","type":"post","link":"https:\/\/nowa.gozd.pl\/?p=3223","title":{"rendered":"GMINA G\u00d3ZD UCZESTNIKIEM PROGRAMU \u201eAKTYWNY AS &#8211; AKTYWNA SZKO\u0141A"},"content":{"rendered":"\n<p>20 maja 2025 r. zosta\u0142y podpisane porozumienia o wsp\u00f3\u0142pracy w ramach programu \u201eAktywna Szko\u0142a\u201d dot. realizacji zadania Aktywny AS: Prowadzenie dzia\u0142a\u0144 aktywizacyjnych na terenie obiekt\u00f3w sportowych. Program Aktywna Szko\u0142a jest programem finansowanym ze \u015brodk\u00f3w bud\u017cetu pa\u0144stwa, og\u0142oszonym i nadzorowanym przez Ministra Sportu i Turystyki. Podmiotem realizuj\u0105cym Program jest Fundacja Or\u0142y Sportu.<\/p>\n\n\n<div class=\"wp-block-image\">\n<figure class=\"aligncenter size-full\"><img loading=\"lazy\" decoding=\"async\" width=\"599\" height=\"447\" src=\"https:\/\/nowa.gozd.pl\/wp-content\/uploads\/2025\/11\/AS_1.jpg\" alt=\"\" class=\"wp-image-3225\" srcset=\"https:\/\/nowa.gozd.pl\/wp-content\/uploads\/2025\/11\/AS_1.jpg 599w, https:\/\/nowa.gozd.pl\/wp-content\/uploads\/2025\/11\/AS_1-300x224.jpg 300w, https:\/\/nowa.gozd.pl\/wp-content\/uploads\/2025\/11\/AS_1-80x60.jpg 80w\" sizes=\"auto, (max-width: 599px) 100vw, 599px\" \/><\/figure>\n<\/div>\n\n\n<p>Eksperci od lat podkre\u015blaj\u0105, jak du\u017ce znaczenie dla zdrowia i rozwoju m\u0142odego pokolenia ma regularna aktywno\u015b\u0107 fizyczna. Wci\u0105\u017c jednak wiele dzieci nie ma dost\u0119pu do systematycznych zaj\u0119\u0107 sportowych. Aktywna Szko\u0142a ma na celu eliminacj\u0119 tych barier, oferuj\u0105c darmowe treningi w ramach Aktywnego AS-a. Do programu mog\u0105 zg\u0142asza\u0107 si\u0119 samorz\u0105dowe obiekty sportowe, takie jak Orliki, a tak\u017ce kluby sportowe, fundacje, stowarzyszenia oraz zwi\u0105zki.<\/p>\n","protected":false},"excerpt":{"rendered":"<div class=\"mh-excerpt\"><p>20 maja 2025 r. zosta\u0142y podpisane porozumienia o wsp\u00f3\u0142pracy w ramach programu \u201eAktywna Szko\u0142a\u201d dot. realizacji zadania Aktywny AS: Prowadzenie dzia\u0142a\u0144 aktywizacyjnych na terenie obiekt\u00f3w sportowych. Program Aktywna Szko\u0142a jest programem finansowanym ze \u015brodk\u00f3w bud\u017cetu <a class=\"mh-excerpt-more\" href=\"https:\/\/nowa.gozd.pl\/?p=3223\" title=\"GMINA G\u00d3ZD UCZESTNIKIEM PROGRAMU \u201eAKTYWNY AS &#8211; AKTYWNA SZKO\u0141A\">[&#8230;]<\/a><\/p>\n<\/div>","protected":false},"author":1,"featured_media":3224,"comment_status":"closed","ping_status":"closed","sticky":false,"template":"template-full.php","format":"standard","meta":{"footnotes":""},"categories":[6],"tags":[],"class_list":{"0":"post-3223","1":"post","2":"type-post","3":"status-publish","4":"format-standard","5":"has-post-thumbnail","7":"category-prawe-boczne"},"_links":{"self":[{"href":"https:\/\/nowa.gozd.pl\/index.php?rest_route=\/wp\/v2\/posts\/3223","targetHints":{"allow":["GET"]}}],"collection":[{"href":"https:\/\/nowa.gozd.pl\/index.php?rest_route=\/wp\/v2\/posts"}],"about":[{"href":"https:\/\/nowa.gozd.pl\/index.php?rest_route=\/wp\/v2\/types\/post"}],"author":[{"embeddable":true,"href":"https:\/\/nowa.gozd.pl\/index.php?rest_route=\/wp\/v2\/users\/1"}],"replies":[{"embeddable":true,"href":"https:\/\/nowa.gozd.pl\/index.php?rest_route=%2Fwp%2Fv2%2Fcomments&post=3223"}],"version-history":[{"count":1,"href":"https:\/\/nowa.gozd.pl\/index.php?rest_route=\/wp\/v2\/posts\/3223\/revisions"}],"predecessor-version":[{"id":3226,"href":"https:\/\/nowa.gozd.pl\/index.php?rest_route=\/wp\/v2\/posts\/3223\/revisions\/3226"}],"wp:featuredmedia":[{"embeddable":true,"href":"https:\/\/nowa.gozd.pl\/index.php?rest_route=\/wp\/v2\/media\/3224"}],"wp:attachment":[{"href":"https:\/\/nowa.gozd.pl\/index.php?rest_route=%2Fwp%2Fv2%2Fmedia&parent=3223"}],"wp:term":[{"taxonomy":"category","embeddable":true,"href":"https:\/\/nowa.gozd.pl\/index.php?rest_route=%2Fwp%2Fv2%2Fcategories&post=3223"},{"taxonomy":"post_tag","embeddable":true,"href":"https:\/\/nowa.gozd.pl\/index.php?rest_route=%2Fwp%2Fv2%2Ftags&post=3223"}],"curies":[{"name":"wp","href":"https:\/\/api.w.org\/{rel}","templated":true}]}}