{"id":3227,"date":"2025-12-12T12:08:07","date_gmt":"2025-12-12T12:08:07","guid":{"rendered":"https:\/\/nowa.gozd.pl\/?p=3227"},"modified":"2025-12-12T12:08:07","modified_gmt":"2025-12-12T12:08:07","slug":"powiatowo-gminny-jarmark-bozonarodzeniowy","status":"publish","type":"post","link":"https:\/\/nowa.gozd.pl\/?p=3227","title":{"rendered":"POWIATOWO-GMINNY JARMARK BO\u017bONARODZENIOWY"},"content":{"rendered":"\n<p>W\u00f3jt gminy G\u00f3zd pan Pawe\u0142 Dziewit oraz starosta powiatu radomskiego pan Waldemar Trelka zapraszaj\u0105 na Powiatowo-Gminny Jarmark Bo\u017conarodzeniowy, kt\u00f3ry odb\u0119dzie si\u0119\u00a0 <strong>14 grudnia, w godz. 13:30 \u2013 19:00 na placu przy Zespole Szk\u00f3\u0142 w Go\u017adzie.<\/strong><\/p>\n\n\n\n<p>W wyj\u0105tkowej, \u015bwi\u0105tecznej atmosferze b\u0119dzie mo\u017cna odwiedzi\u0107 stoiska z pi\u0119knym r\u0119kodzie\u0142em, \u015bwi\u0105tecznymi dekoracjami, stroikami oraz skosztowa\u0107 regionalnych potraw i pysznych wypiek\u00f3w przygotowanych przez Ko\u0142a Gospody\u0144 Wiejskich, szko\u0142y, lokalnych tw\u00f3rc\u00f3w i wystawc\u00f3w.<\/p>\n\n\n\n<p>Program wydarzenia obejmuje r\u00f3wnie\u017c szereg atrakcji, w tym: konkursy, wyst\u0119py artystyczne: dzieci i m\u0142odzie\u017cy z gminnych plac\u00f3wek o\u015bwiatowych, kapel: Pi\u0105ty \u017bywio\u0142 i G\u00f3ralska Hora oraz kol\u0119dnik\u00f3w z \u017bywca. Na najm\u0142odszych czeka\u0107 b\u0119dzie wioska \u015bw. Miko\u0142aja. Wspania\u0142a atmosfera, wprowadzaj\u0105ca w klimat najpi\u0119kniejszych \u015bwi\u0105t \u2013 gwarantowana!<\/p>\n\n\n<div class=\"wp-block-image\">\n<figure class=\"aligncenter size-full\"><img loading=\"lazy\" decoding=\"async\" width=\"960\" height=\"540\" src=\"https:\/\/nowa.gozd.pl\/wp-content\/uploads\/2025\/12\/593584619_892280219792687_3836779913224482754_n.jpg\" alt=\"\" class=\"wp-image-3228\" srcset=\"https:\/\/nowa.gozd.pl\/wp-content\/uploads\/2025\/12\/593584619_892280219792687_3836779913224482754_n.jpg 960w, https:\/\/nowa.gozd.pl\/wp-content\/uploads\/2025\/12\/593584619_892280219792687_3836779913224482754_n-300x169.jpg 300w, https:\/\/nowa.gozd.pl\/wp-content\/uploads\/2025\/12\/593584619_892280219792687_3836779913224482754_n-768x432.jpg 768w, https:\/\/nowa.gozd.pl\/wp-content\/uploads\/2025\/12\/593584619_892280219792687_3836779913224482754_n-678x381.jpg 678w\" sizes=\"auto, (max-width: 960px) 100vw, 960px\" \/><\/figure>\n<\/div>","protected":false},"excerpt":{"rendered":"<div class=\"mh-excerpt\"><p>W\u00f3jt gminy G\u00f3zd pan Pawe\u0142 Dziewit oraz starosta powiatu radomskiego pan Waldemar Trelka zapraszaj\u0105 na Powiatowo-Gminny Jarmark Bo\u017conarodzeniowy, kt\u00f3ry odb\u0119dzie si\u0119\u00a0 14 grudnia, w godz. 13:30 \u2013 19:00 na placu przy Zespole Szk\u00f3\u0142 w Go\u017adzie. <a class=\"mh-excerpt-more\" href=\"https:\/\/nowa.gozd.pl\/?p=3227\" title=\"POWIATOWO-GMINNY JARMARK BO\u017bONARODZENIOWY\">[&#8230;]<\/a><\/p>\n<\/div>","protected":false},"author":1,"featured_media":3229,"comment_status":"closed","ping_status":"closed","sticky":false,"template":"template-full.php","format":"standard","meta":{"footnotes":""},"categories":[6],"tags":[],"class_list":{"0":"post-3227","1":"post","2":"type-post","3":"status-publish","4":"format-standard","5":"has-post-thumbnail","7":"category-prawe-boczne"},"_links":{"self":[{"href":"https:\/\/nowa.gozd.pl\/index.php?rest_route=\/wp\/v2\/posts\/3227","targetHints":{"allow":["GET"]}}],"collection":[{"href":"https:\/\/nowa.gozd.pl\/index.php?rest_route=\/wp\/v2\/posts"}],"about":[{"href":"https:\/\/nowa.gozd.pl\/index.php?rest_route=\/wp\/v2\/types\/post"}],"author":[{"embeddable":true,"href":"https:\/\/nowa.gozd.pl\/index.php?rest_route=\/wp\/v2\/users\/1"}],"replies":[{"embeddable":true,"href":"https:\/\/nowa.gozd.pl\/index.php?rest_route=%2Fwp%2Fv2%2Fcomments&post=3227"}],"version-history":[{"count":2,"href":"https:\/\/nowa.gozd.pl\/index.php?rest_route=\/wp\/v2\/posts\/3227\/revisions"}],"predecessor-version":[{"id":3231,"href":"https:\/\/nowa.gozd.pl\/index.php?rest_route=\/wp\/v2\/posts\/3227\/revisions\/3231"}],"wp:featuredmedia":[{"embeddable":true,"href":"https:\/\/nowa.gozd.pl\/index.php?rest_route=\/wp\/v2\/media\/3229"}],"wp:attachment":[{"href":"https:\/\/nowa.gozd.pl\/index.php?rest_route=%2Fwp%2Fv2%2Fmedia&parent=3227"}],"wp:term":[{"taxonomy":"category","embeddable":true,"href":"https:\/\/nowa.gozd.pl\/index.php?rest_route=%2Fwp%2Fv2%2Fcategories&post=3227"},{"taxonomy":"post_tag","embeddable":true,"href":"https:\/\/nowa.gozd.pl\/index.php?rest_route=%2Fwp%2Fv2%2Ftags&post=3227"}],"curies":[{"name":"wp","href":"https:\/\/api.w.org\/{rel}","templated":true}]}}