{"id":3251,"date":"2025-12-08T15:01:02","date_gmt":"2025-12-08T15:01:02","guid":{"rendered":"https:\/\/nowa.gozd.pl\/?p=3251"},"modified":"2025-12-08T15:01:02","modified_gmt":"2025-12-08T15:01:02","slug":"cwiczenia-pk-syrena-25","status":"publish","type":"post","link":"https:\/\/nowa.gozd.pl\/?p=3251","title":{"rendered":"\u0106WICZENIA pk. SYRENA-25"},"content":{"rendered":"\n<p>W zwi\u0105zku z realizacj\u0105 przedsi\u0119wzi\u0119\u0107 z zakresu doskonalenia systemu zarz\u0105dzania kryzysowego i ochrony ludno\u015bci <strong>od 15 do 18 grudnia 2025 roku\u00a0w godzinach 08:00-15:00<\/strong> na terenie wojew\u00f3dztwa mazowieckiego uruchomiony zostanie system alarmowania oraz ostrzegania ludno\u015bci w formie syren alarmowych.<\/p>\n\n\n\n<p>Odb\u0119dzie si\u0119 to w ramach \u0107wiczenia pk. Syrena -25.<\/p>\n\n\n\n<p>W trakcie \u0107wiczenia emitowane b\u0119d\u0105 sygna\u0142y akustyczne tj. ci\u0105g\u0142y d\u017awi\u0119k syren alarmowych trwaj\u0105cy 1 minut\u0119 na og\u0142oszenie i odwo\u0142anie alarmu. Sygna\u0142y b\u0119d\u0105 mia\u0142y charakter \u0107wiczebny i s\u0142u\u017cy\u0107 b\u0119d\u0105 wy\u0142\u0105cznie sprawdzeniu funkcjonowania systemu alarmowania i ostrzegania ludno\u015bci na terenie wojew\u00f3dztwa mazowieckiego oraz wewn\u0119trznych procedur reagowania.<\/p>\n\n\n\n<p>W zwi\u0105zku z powy\u017cszym prosimy o zachowanie spokoju oraz niepodejmowanie \u017cadnych dzia\u0142a\u0144. Sygna\u0142y emitowane w trakcie \u0107wiczenia pk. Syrena-25 nie oznaczaj\u0105 realnego zagro\u017cenia.<\/p>\n","protected":false},"excerpt":{"rendered":"<div class=\"mh-excerpt\"><p>W zwi\u0105zku z realizacj\u0105 przedsi\u0119wzi\u0119\u0107 z zakresu doskonalenia systemu zarz\u0105dzania kryzysowego i ochrony ludno\u015bci od 15 do 18 grudnia 2025 roku\u00a0w godzinach 08:00-15:00 na terenie wojew\u00f3dztwa mazowieckiego uruchomiony zostanie system alarmowania oraz ostrzegania ludno\u015bci w <a class=\"mh-excerpt-more\" href=\"https:\/\/nowa.gozd.pl\/?p=3251\" title=\"\u0106WICZENIA pk. SYRENA-25\">[&#8230;]<\/a><\/p>\n<\/div>","protected":false},"author":1,"featured_media":3252,"comment_status":"closed","ping_status":"closed","sticky":false,"template":"template-full.php","format":"standard","meta":{"footnotes":""},"categories":[6],"tags":[],"class_list":{"0":"post-3251","1":"post","2":"type-post","3":"status-publish","4":"format-standard","5":"has-post-thumbnail","7":"category-prawe-boczne"},"_links":{"self":[{"href":"https:\/\/nowa.gozd.pl\/index.php?rest_route=\/wp\/v2\/posts\/3251","targetHints":{"allow":["GET"]}}],"collection":[{"href":"https:\/\/nowa.gozd.pl\/index.php?rest_route=\/wp\/v2\/posts"}],"about":[{"href":"https:\/\/nowa.gozd.pl\/index.php?rest_route=\/wp\/v2\/types\/post"}],"author":[{"embeddable":true,"href":"https:\/\/nowa.gozd.pl\/index.php?rest_route=\/wp\/v2\/users\/1"}],"replies":[{"embeddable":true,"href":"https:\/\/nowa.gozd.pl\/index.php?rest_route=%2Fwp%2Fv2%2Fcomments&post=3251"}],"version-history":[{"count":1,"href":"https:\/\/nowa.gozd.pl\/index.php?rest_route=\/wp\/v2\/posts\/3251\/revisions"}],"predecessor-version":[{"id":3253,"href":"https:\/\/nowa.gozd.pl\/index.php?rest_route=\/wp\/v2\/posts\/3251\/revisions\/3253"}],"wp:featuredmedia":[{"embeddable":true,"href":"https:\/\/nowa.gozd.pl\/index.php?rest_route=\/wp\/v2\/media\/3252"}],"wp:attachment":[{"href":"https:\/\/nowa.gozd.pl\/index.php?rest_route=%2Fwp%2Fv2%2Fmedia&parent=3251"}],"wp:term":[{"taxonomy":"category","embeddable":true,"href":"https:\/\/nowa.gozd.pl\/index.php?rest_route=%2Fwp%2Fv2%2Fcategories&post=3251"},{"taxonomy":"post_tag","embeddable":true,"href":"https:\/\/nowa.gozd.pl\/index.php?rest_route=%2Fwp%2Fv2%2Ftags&post=3251"}],"curies":[{"name":"wp","href":"https:\/\/api.w.org\/{rel}","templated":true}]}}