{"id":3276,"date":"2025-12-12T11:56:14","date_gmt":"2025-12-12T11:56:14","guid":{"rendered":"https:\/\/nowa.gozd.pl\/?p=3276"},"modified":"2025-12-12T12:00:46","modified_gmt":"2025-12-12T12:00:46","slug":"rozwazasz-rozpoczecie-sluzby-wojskowej-juz-dzis-zaplanuj-swoj-udzial-w-turnusie-szkoleniowym","status":"publish","type":"post","link":"https:\/\/nowa.gozd.pl\/?p=3276","title":{"rendered":"ROZWA\u017bASZ ROZPOCZ\u0118CIE S\u0141U\u017bBY WOJSKOWEJ? JU\u017b DZI\u015a ZAPLANUJ SW\u00d3J UDZIA\u0141 W TURNUSIE SZKOLENIOWYM"},"content":{"rendered":"\n<p>Wojskowe Centrum Rekrutacji w Radomiu informuje o nowych terminach szkole\u0144 podstawowych w ramach Dobrowolnej Zasadniczej S\u0142u\u017cby Wojskowej (DZSW) na rok 2026 w wytypowanych centrach szkolenia, o\u015brodkach szkolenia lub jednostkach wojskowych w wymiarze:<\/p>\n\n\n\n<p>a) 27-dniowych turnus\u00f3w w terminie:<\/p>\n\n\n\n<ul class=\"wp-block-list\">\n<li>od dnia 12 stycznia do dnia 07 lutego,<\/li>\n\n\n\n<li>od dnia 09 lutego do dnia 07 marca,<\/li>\n\n\n\n<li>od dnia 09 marca do dnia 04 kwietnia,<\/li>\n\n\n\n<li>od dnia 04 maja do dnia 30 maja,<\/li>\n\n\n\n<li>od dnia 08 czerwca do dnia 04 lipca,<\/li>\n\n\n\n<li>od dnia 13 lipca do dnia 08 sierpnia,<\/li>\n\n\n\n<li>od dnia 17 sierpnia do dnia 12 wrze\u015bnia,<\/li>\n\n\n\n<li>od dnia 28 wrze\u015bnia do dnia 24 pa\u017adziernika,<\/li>\n\n\n\n<li>od dnia 16 listopada do dnia 12 grudnia,<\/li>\n<\/ul>\n\n\n\n<p>b) 12-dniowych turnus\u00f3w, dla absolwent\u00f3w szk\u00f3\u0142 ponadpodstawowych, realizuj\u0105cych programy innowacyjne lub eksperymentalne przysposobienia obronnego lub edukacji w dziedzinie obronno\u015bci, pobieraj\u0105cych i ko\u0144cz\u0105cych nauk\u0119 w oddziale przygotowania wojskowego oraz realizuj\u0105cych programy edukacyjne zwi\u0105zane z obronno\u015bci\u0105 pa\u0144stwa, nadzorowane przez Ministra Obrony Narodowej, w terminie:<\/p>\n\n\n\n<ul class=\"wp-block-list\">\n<li>od dnia 9 czerwca do dnia 20 czerwca.<\/li>\n<\/ul>\n\n\n\n<p>Osoby zainteresowane rozpocz\u0119ciem s\u0142u\u017cby zach\u0119camy do zapoznania si\u0119 ze szczeg\u00f3\u0142owymi informacjami zawartymi na stronie: <a href=\"https:\/\/wcrradom.wp.mil.pl\/\">https:\/\/wcrradom.wp.mil.pl\/<\/a>oraz do z\u0142o\u017cenia wniosku poprzez portal https<a href=\"https:\/\/portal.zostanzolnierzem.pl\/#\/login\">:\/\/www.zostanzolnierzem.pl.<\/a><\/p>\n\n\n<div class=\"wp-block-image\">\n<figure class=\"aligncenter size-full\"><img loading=\"lazy\" decoding=\"async\" width=\"434\" height=\"614\" src=\"https:\/\/nowa.gozd.pl\/wp-content\/uploads\/2025\/12\/plakatNowy2025.jpg\" alt=\"\" class=\"wp-image-3277\" srcset=\"https:\/\/nowa.gozd.pl\/wp-content\/uploads\/2025\/12\/plakatNowy2025.jpg 434w, https:\/\/nowa.gozd.pl\/wp-content\/uploads\/2025\/12\/plakatNowy2025-212x300.jpg 212w\" sizes=\"auto, (max-width: 434px) 100vw, 434px\" \/><\/figure>\n<\/div>\n\n<div class=\"wp-block-image\">\n<figure class=\"aligncenter size-full is-resized\"><img loading=\"lazy\" decoding=\"async\" width=\"548\" height=\"774\" src=\"https:\/\/nowa.gozd.pl\/wp-content\/uploads\/2025\/12\/DZSW-2026-TERMINY.jpg\" alt=\"\" class=\"wp-image-3278\" style=\"aspect-ratio:0.7080094008238357;width:433px;height:auto\" srcset=\"https:\/\/nowa.gozd.pl\/wp-content\/uploads\/2025\/12\/DZSW-2026-TERMINY.jpg 548w, https:\/\/nowa.gozd.pl\/wp-content\/uploads\/2025\/12\/DZSW-2026-TERMINY-212x300.jpg 212w\" sizes=\"auto, (max-width: 548px) 100vw, 548px\" \/><\/figure>\n<\/div>\n\n<div class=\"wp-block-image\">\n<figure class=\"aligncenter size-full is-resized\"><img loading=\"lazy\" decoding=\"async\" width=\"548\" height=\"774\" src=\"https:\/\/nowa.gozd.pl\/wp-content\/uploads\/2025\/12\/WOT-2026-terminy.jpg\" alt=\"\" class=\"wp-image-3280\" style=\"aspect-ratio:0.7080157298416542;width:436px;height:auto\" srcset=\"https:\/\/nowa.gozd.pl\/wp-content\/uploads\/2025\/12\/WOT-2026-terminy.jpg 548w, https:\/\/nowa.gozd.pl\/wp-content\/uploads\/2025\/12\/WOT-2026-terminy-212x300.jpg 212w\" sizes=\"auto, (max-width: 548px) 100vw, 548px\" \/><\/figure>\n<\/div>","protected":false},"excerpt":{"rendered":"<div class=\"mh-excerpt\"><p>Wojskowe Centrum Rekrutacji w Radomiu informuje o nowych terminach szkole\u0144 podstawowych w ramach Dobrowolnej Zasadniczej S\u0142u\u017cby Wojskowej (DZSW) na rok 2026 w wytypowanych centrach szkolenia, o\u015brodkach szkolenia lub jednostkach wojskowych w wymiarze: a) 27-dniowych turnus\u00f3w <a class=\"mh-excerpt-more\" href=\"https:\/\/nowa.gozd.pl\/?p=3276\" title=\"ROZWA\u017bASZ ROZPOCZ\u0118CIE S\u0141U\u017bBY WOJSKOWEJ? JU\u017b DZI\u015a ZAPLANUJ SW\u00d3J UDZIA\u0141 W TURNUSIE SZKOLENIOWYM\">[&#8230;]<\/a><\/p>\n<\/div>","protected":false},"author":1,"featured_media":3284,"comment_status":"closed","ping_status":"closed","sticky":false,"template":"template-full.php","format":"standard","meta":{"footnotes":""},"categories":[6],"tags":[],"class_list":{"0":"post-3276","1":"post","2":"type-post","3":"status-publish","4":"format-standard","5":"has-post-thumbnail","7":"category-prawe-boczne"},"_links":{"self":[{"href":"https:\/\/nowa.gozd.pl\/index.php?rest_route=\/wp\/v2\/posts\/3276","targetHints":{"allow":["GET"]}}],"collection":[{"href":"https:\/\/nowa.gozd.pl\/index.php?rest_route=\/wp\/v2\/posts"}],"about":[{"href":"https:\/\/nowa.gozd.pl\/index.php?rest_route=\/wp\/v2\/types\/post"}],"author":[{"embeddable":true,"href":"https:\/\/nowa.gozd.pl\/index.php?rest_route=\/wp\/v2\/users\/1"}],"replies":[{"embeddable":true,"href":"https:\/\/nowa.gozd.pl\/index.php?rest_route=%2Fwp%2Fv2%2Fcomments&post=3276"}],"version-history":[{"count":3,"href":"https:\/\/nowa.gozd.pl\/index.php?rest_route=\/wp\/v2\/posts\/3276\/revisions"}],"predecessor-version":[{"id":3286,"href":"https:\/\/nowa.gozd.pl\/index.php?rest_route=\/wp\/v2\/posts\/3276\/revisions\/3286"}],"wp:featuredmedia":[{"embeddable":true,"href":"https:\/\/nowa.gozd.pl\/index.php?rest_route=\/wp\/v2\/media\/3284"}],"wp:attachment":[{"href":"https:\/\/nowa.gozd.pl\/index.php?rest_route=%2Fwp%2Fv2%2Fmedia&parent=3276"}],"wp:term":[{"taxonomy":"category","embeddable":true,"href":"https:\/\/nowa.gozd.pl\/index.php?rest_route=%2Fwp%2Fv2%2Fcategories&post=3276"},{"taxonomy":"post_tag","embeddable":true,"href":"https:\/\/nowa.gozd.pl\/index.php?rest_route=%2Fwp%2Fv2%2Ftags&post=3276"}],"curies":[{"name":"wp","href":"https:\/\/api.w.org\/{rel}","templated":true}]}}