{"id":3348,"date":"2026-01-12T14:48:24","date_gmt":"2026-01-12T14:48:24","guid":{"rendered":"https:\/\/nowa.gozd.pl\/?p=3348"},"modified":"2026-01-12T14:49:01","modified_gmt":"2026-01-12T14:49:01","slug":"informacja-15","status":"publish","type":"post","link":"https:\/\/nowa.gozd.pl\/?p=3348","title":{"rendered":"INFORMACJA"},"content":{"rendered":"\n<p>Publiczna Szko\u0142a Podstawowa im. Tadeusza Ko\u015bciuszki w \u0136\u0142on\u00f3wku-Kolonii otrzyma\u0142a dofinansowanie w ramach programu Fundusze Europejskie dla Rozwoju Spo\u0142ecznego (FERS) na realizacj\u0119 projektu mobilno\u015bci edukacyjnej.<\/p>\n\n\n\n<p><strong>Projekt &#8222;\u015awiat to MY! Urz\u0105d\u017amy go!\u2019<\/strong>\u2019 realizowany b\u0119dzie w okresie 31.12.2025 r. \u2013 30.06.2027 r., a jego celem jest podniesienie kompetencji uczni\u00f3w i nauczycieli w zakresie kompetencji j\u0119zykowych, spo\u0142ecznych, kulturowych i cyfrowych poprzez udzia\u0142 w zagranicznych mobilno\u015bciach edukacyjnych.<\/p>\n\n\n\n<p>W ramach projektu uczestnicy (uczniowie i nauczyciele) wezm\u0105 udzia\u0142 w szkoleniach, kursach i w mobilno\u015bci uczni\u00f3w realizowanych w Hiszpanii i Finlandii.<\/p>\n\n\n\n<p><strong>\u0141\u0105czna warto\u015b\u0107 projektu wynosi 101 703,42 PLN, z czego 83 925,66 PLN stanowi dofinansowanie ze \u015brodk\u00f3w Unii Europejskiej.<\/strong><\/p>\n\n\n\n<p>Realizacja projektu przyczyni si\u0119 do podniesienia jako\u015bci kszta\u0142cenia w szkole, rozwoju kompetencji kluczowych uczestnik\u00f3w, jak r\u00f3wnie\u017c do wzmocnienia mi\u0119dzynarodowego wymiaru edukacji.<\/p>\n\n\n\n<p>Projekt jest wsp\u00f3\u0142finansowany ze \u015brodk\u00f3w Unii Europejskiej w ramach programu Fundusze Europejskie dla Rozwoju Spo\u0142ecznego 2021-2027.<\/p>\n\n\n\n<figure class=\"wp-block-image size-large\"><img loading=\"lazy\" decoding=\"async\" width=\"1024\" height=\"141\" src=\"https:\/\/nowa.gozd.pl\/wp-content\/uploads\/2026\/01\/603907453_843545855163768_8544679425207663688_n-1024x141.jpg\" alt=\"\" class=\"wp-image-3349\" srcset=\"https:\/\/nowa.gozd.pl\/wp-content\/uploads\/2026\/01\/603907453_843545855163768_8544679425207663688_n-1024x141.jpg 1024w, https:\/\/nowa.gozd.pl\/wp-content\/uploads\/2026\/01\/603907453_843545855163768_8544679425207663688_n-300x41.jpg 300w, https:\/\/nowa.gozd.pl\/wp-content\/uploads\/2026\/01\/603907453_843545855163768_8544679425207663688_n-768x106.jpg 768w, https:\/\/nowa.gozd.pl\/wp-content\/uploads\/2026\/01\/603907453_843545855163768_8544679425207663688_n-1536x212.jpg 1536w, https:\/\/nowa.gozd.pl\/wp-content\/uploads\/2026\/01\/603907453_843545855163768_8544679425207663688_n.jpg 2048w\" sizes=\"auto, (max-width: 1024px) 100vw, 1024px\" \/><\/figure>\n\n\n\n<p><\/p>\n","protected":false},"excerpt":{"rendered":"<div class=\"mh-excerpt\"><p>Publiczna Szko\u0142a Podstawowa im. Tadeusza Ko\u015bciuszki w \u0136\u0142on\u00f3wku-Kolonii otrzyma\u0142a dofinansowanie w ramach programu Fundusze Europejskie dla Rozwoju Spo\u0142ecznego (FERS) na realizacj\u0119 projektu mobilno\u015bci edukacyjnej. Projekt &#8222;\u015awiat to MY! Urz\u0105d\u017amy go!\u2019\u2019 realizowany b\u0119dzie w okresie 31.12.2025 <a class=\"mh-excerpt-more\" href=\"https:\/\/nowa.gozd.pl\/?p=3348\" title=\"INFORMACJA\">[&#8230;]<\/a><\/p>\n<\/div>","protected":false},"author":1,"featured_media":3350,"comment_status":"closed","ping_status":"closed","sticky":false,"template":"template-full.php","format":"standard","meta":{"footnotes":""},"categories":[6],"tags":[],"class_list":{"0":"post-3348","1":"post","2":"type-post","3":"status-publish","4":"format-standard","5":"has-post-thumbnail","7":"category-prawe-boczne"},"_links":{"self":[{"href":"https:\/\/nowa.gozd.pl\/index.php?rest_route=\/wp\/v2\/posts\/3348","targetHints":{"allow":["GET"]}}],"collection":[{"href":"https:\/\/nowa.gozd.pl\/index.php?rest_route=\/wp\/v2\/posts"}],"about":[{"href":"https:\/\/nowa.gozd.pl\/index.php?rest_route=\/wp\/v2\/types\/post"}],"author":[{"embeddable":true,"href":"https:\/\/nowa.gozd.pl\/index.php?rest_route=\/wp\/v2\/users\/1"}],"replies":[{"embeddable":true,"href":"https:\/\/nowa.gozd.pl\/index.php?rest_route=%2Fwp%2Fv2%2Fcomments&post=3348"}],"version-history":[{"count":2,"href":"https:\/\/nowa.gozd.pl\/index.php?rest_route=\/wp\/v2\/posts\/3348\/revisions"}],"predecessor-version":[{"id":3353,"href":"https:\/\/nowa.gozd.pl\/index.php?rest_route=\/wp\/v2\/posts\/3348\/revisions\/3353"}],"wp:featuredmedia":[{"embeddable":true,"href":"https:\/\/nowa.gozd.pl\/index.php?rest_route=\/wp\/v2\/media\/3350"}],"wp:attachment":[{"href":"https:\/\/nowa.gozd.pl\/index.php?rest_route=%2Fwp%2Fv2%2Fmedia&parent=3348"}],"wp:term":[{"taxonomy":"category","embeddable":true,"href":"https:\/\/nowa.gozd.pl\/index.php?rest_route=%2Fwp%2Fv2%2Fcategories&post=3348"},{"taxonomy":"post_tag","embeddable":true,"href":"https:\/\/nowa.gozd.pl\/index.php?rest_route=%2Fwp%2Fv2%2Ftags&post=3348"}],"curies":[{"name":"wp","href":"https:\/\/api.w.org\/{rel}","templated":true}]}}