{"id":3378,"date":"2026-01-16T11:13:11","date_gmt":"2026-01-16T11:13:11","guid":{"rendered":"https:\/\/nowa.gozd.pl\/?p=3378"},"modified":"2026-01-16T11:13:47","modified_gmt":"2026-01-16T11:13:47","slug":"informacja-16","status":"publish","type":"post","link":"https:\/\/nowa.gozd.pl\/?p=3378","title":{"rendered":"INFORMACJA"},"content":{"rendered":"\n<p>Gminny O\u015brodek Pomocy Spo\u0142ecznej w Go\u017adzie przedstawia dane dotycz\u0105ce realizacji Programu Priorytetowego &#8222;Czyste Powietrze&#8221; na terenie Gminy G\u00f3zd za okres od dnia 19.09.2018 r. do dnia 31.12.2025 r.<\/p>\n\n\n\n<figure class=\"wp-block-image size-full\"><img loading=\"lazy\" decoding=\"async\" width=\"896\" height=\"567\" src=\"https:\/\/nowa.gozd.pl\/wp-content\/uploads\/2026\/01\/4_kw_2025.png\" alt=\"\" class=\"wp-image-3379\" srcset=\"https:\/\/nowa.gozd.pl\/wp-content\/uploads\/2026\/01\/4_kw_2025.png 896w, https:\/\/nowa.gozd.pl\/wp-content\/uploads\/2026\/01\/4_kw_2025-300x190.png 300w, https:\/\/nowa.gozd.pl\/wp-content\/uploads\/2026\/01\/4_kw_2025-768x486.png 768w\" sizes=\"auto, (max-width: 896px) 100vw, 896px\" \/><\/figure>\n","protected":false},"excerpt":{"rendered":"<div class=\"mh-excerpt\"><p>Gminny O\u015brodek Pomocy Spo\u0142ecznej w Go\u017adzie przedstawia dane dotycz\u0105ce realizacji Programu Priorytetowego &#8222;Czyste Powietrze&#8221; na terenie Gminy G\u00f3zd za okres od dnia 19.09.2018 r. do dnia 31.12.2025 r.<\/p>\n<\/div>","protected":false},"author":1,"featured_media":2813,"comment_status":"closed","ping_status":"closed","sticky":false,"template":"template-full.php","format":"standard","meta":{"footnotes":""},"categories":[6],"tags":[],"class_list":{"0":"post-3378","1":"post","2":"type-post","3":"status-publish","4":"format-standard","5":"has-post-thumbnail","7":"category-prawe-boczne"},"_links":{"self":[{"href":"https:\/\/nowa.gozd.pl\/index.php?rest_route=\/wp\/v2\/posts\/3378","targetHints":{"allow":["GET"]}}],"collection":[{"href":"https:\/\/nowa.gozd.pl\/index.php?rest_route=\/wp\/v2\/posts"}],"about":[{"href":"https:\/\/nowa.gozd.pl\/index.php?rest_route=\/wp\/v2\/types\/post"}],"author":[{"embeddable":true,"href":"https:\/\/nowa.gozd.pl\/index.php?rest_route=\/wp\/v2\/users\/1"}],"replies":[{"embeddable":true,"href":"https:\/\/nowa.gozd.pl\/index.php?rest_route=%2Fwp%2Fv2%2Fcomments&post=3378"}],"version-history":[{"count":2,"href":"https:\/\/nowa.gozd.pl\/index.php?rest_route=\/wp\/v2\/posts\/3378\/revisions"}],"predecessor-version":[{"id":3381,"href":"https:\/\/nowa.gozd.pl\/index.php?rest_route=\/wp\/v2\/posts\/3378\/revisions\/3381"}],"wp:featuredmedia":[{"embeddable":true,"href":"https:\/\/nowa.gozd.pl\/index.php?rest_route=\/wp\/v2\/media\/2813"}],"wp:attachment":[{"href":"https:\/\/nowa.gozd.pl\/index.php?rest_route=%2Fwp%2Fv2%2Fmedia&parent=3378"}],"wp:term":[{"taxonomy":"category","embeddable":true,"href":"https:\/\/nowa.gozd.pl\/index.php?rest_route=%2Fwp%2Fv2%2Fcategories&post=3378"},{"taxonomy":"post_tag","embeddable":true,"href":"https:\/\/nowa.gozd.pl\/index.php?rest_route=%2Fwp%2Fv2%2Ftags&post=3378"}],"curies":[{"name":"wp","href":"https:\/\/api.w.org\/{rel}","templated":true}]}}