{"id":3387,"date":"2026-01-19T10:51:25","date_gmt":"2026-01-19T10:51:25","guid":{"rendered":"https:\/\/nowa.gozd.pl\/?p=3387"},"modified":"2026-01-19T10:52:07","modified_gmt":"2026-01-19T10:52:07","slug":"wyjscie-z-klasa-dofinansowanie-wyjsc-edukacyjnych-w-ramach-programu-men","status":"publish","type":"post","link":"https:\/\/nowa.gozd.pl\/?p=3387","title":{"rendered":"&#8222;WYJ\u015aCIE Z KLAS\u0104&#8221; &#8211; DOFINANSOWANIE WYJ\u015a\u0106 EDUKACYJNYCH W RAMACH PROGRAMU MEN"},"content":{"rendered":"\n<p>Informujemy, \u017ce w Programie ,,Wyj\u015bcie z klas\u0105\u2019\u2019 zainicjowanym przez Ministerstwo Edukacji Narodowej w Gminie G\u00f3zd uczestniczy\u0142o 60 dzieci wraz z opiekunami. Program zapewni\u0142 finansowanie jednodniowych wyj\u015b\u0107 edukacyjnych uczni\u00f3w do instytucji kultury i nauki. G\u0142\u00f3wnym celem programu by\u0142o uatrakcyjnienie procesu edukacji poprzez kontakt z nauk\u0105 i kultur\u0105, rozwijanie ciekawo\u015bci \u015bwiata oraz kompetencji spo\u0142ecznych, kulturowych, tw\u00f3rczych oraz wspieranie realizacji podstawy programowej. \u0141\u0105czny koszt realizacji zadania wyni\u00f3s\u0142 17 984,00 z\u0142, co pozwoli\u0142o na sprawn\u0105 organizacj\u0119 przedsi\u0119wzi\u0119cia oraz zapewnienie uczestnikom warto\u015bciowych do\u015bwiadcze\u0144 edukacyjnych.<\/p>\n\n\n<div class=\"wp-block-image\">\n<figure class=\"aligncenter size-large\"><img loading=\"lazy\" decoding=\"async\" width=\"1024\" height=\"146\" src=\"https:\/\/nowa.gozd.pl\/wp-content\/uploads\/2026\/01\/pasek-1024x146.jpg\" alt=\"\" class=\"wp-image-3388\" srcset=\"https:\/\/nowa.gozd.pl\/wp-content\/uploads\/2026\/01\/pasek-1024x146.jpg 1024w, https:\/\/nowa.gozd.pl\/wp-content\/uploads\/2026\/01\/pasek-300x43.jpg 300w, https:\/\/nowa.gozd.pl\/wp-content\/uploads\/2026\/01\/pasek-768x109.jpg 768w, https:\/\/nowa.gozd.pl\/wp-content\/uploads\/2026\/01\/pasek-1536x219.jpg 1536w, https:\/\/nowa.gozd.pl\/wp-content\/uploads\/2026\/01\/pasek-2048x292.jpg 2048w\" sizes=\"auto, (max-width: 1024px) 100vw, 1024px\" \/><\/figure>\n<\/div>","protected":false},"excerpt":{"rendered":"<div class=\"mh-excerpt\"><p>Informujemy, \u017ce w Programie ,,Wyj\u015bcie z klas\u0105\u2019\u2019 zainicjowanym przez Ministerstwo Edukacji Narodowej w Gminie G\u00f3zd uczestniczy\u0142o 60 dzieci wraz z opiekunami. Program zapewni\u0142 finansowanie jednodniowych wyj\u015b\u0107 edukacyjnych uczni\u00f3w do instytucji kultury i nauki. G\u0142\u00f3wnym celem <a class=\"mh-excerpt-more\" href=\"https:\/\/nowa.gozd.pl\/?p=3387\" title=\"&#8222;WYJ\u015aCIE Z KLAS\u0104&#8221; &#8211; DOFINANSOWANIE WYJ\u015a\u0106 EDUKACYJNYCH W RAMACH PROGRAMU MEN\">[&#8230;]<\/a><\/p>\n<\/div>","protected":false},"author":1,"featured_media":3389,"comment_status":"closed","ping_status":"closed","sticky":false,"template":"template-full.php","format":"standard","meta":{"footnotes":""},"categories":[6],"tags":[],"class_list":{"0":"post-3387","1":"post","2":"type-post","3":"status-publish","4":"format-standard","5":"has-post-thumbnail","7":"category-prawe-boczne"},"_links":{"self":[{"href":"https:\/\/nowa.gozd.pl\/index.php?rest_route=\/wp\/v2\/posts\/3387","targetHints":{"allow":["GET"]}}],"collection":[{"href":"https:\/\/nowa.gozd.pl\/index.php?rest_route=\/wp\/v2\/posts"}],"about":[{"href":"https:\/\/nowa.gozd.pl\/index.php?rest_route=\/wp\/v2\/types\/post"}],"author":[{"embeddable":true,"href":"https:\/\/nowa.gozd.pl\/index.php?rest_route=\/wp\/v2\/users\/1"}],"replies":[{"embeddable":true,"href":"https:\/\/nowa.gozd.pl\/index.php?rest_route=%2Fwp%2Fv2%2Fcomments&post=3387"}],"version-history":[{"count":2,"href":"https:\/\/nowa.gozd.pl\/index.php?rest_route=\/wp\/v2\/posts\/3387\/revisions"}],"predecessor-version":[{"id":3391,"href":"https:\/\/nowa.gozd.pl\/index.php?rest_route=\/wp\/v2\/posts\/3387\/revisions\/3391"}],"wp:featuredmedia":[{"embeddable":true,"href":"https:\/\/nowa.gozd.pl\/index.php?rest_route=\/wp\/v2\/media\/3389"}],"wp:attachment":[{"href":"https:\/\/nowa.gozd.pl\/index.php?rest_route=%2Fwp%2Fv2%2Fmedia&parent=3387"}],"wp:term":[{"taxonomy":"category","embeddable":true,"href":"https:\/\/nowa.gozd.pl\/index.php?rest_route=%2Fwp%2Fv2%2Fcategories&post=3387"},{"taxonomy":"post_tag","embeddable":true,"href":"https:\/\/nowa.gozd.pl\/index.php?rest_route=%2Fwp%2Fv2%2Ftags&post=3387"}],"curies":[{"name":"wp","href":"https:\/\/api.w.org\/{rel}","templated":true}]}}