{"id":3406,"date":"2026-01-21T12:39:45","date_gmt":"2026-01-21T12:39:45","guid":{"rendered":"https:\/\/nowa.gozd.pl\/?p=3406"},"modified":"2026-01-23T08:24:30","modified_gmt":"2026-01-23T08:24:30","slug":"zlote-gody-zglos-jubilatow-do-odznaczenia","status":"publish","type":"post","link":"https:\/\/nowa.gozd.pl\/?p=3406","title":{"rendered":"Z\u0141OTE GODY &#8211; ZG\u0141O\u015a JUBILAT\u00d3W DO ODZNACZENIA"},"content":{"rendered":"\n<p>zanowni Mieszka\u0144cy, informujemy, \u017ce W\u00f3jt Gminy G\u00f3zd zamierza wyst\u0105pi\u0107 z wnioskiem do Prezydenta Rzeczypospolitej Polskiej o nadanie medali za d\u0142ugoletnie po\u017cycie ma\u0142\u017ce\u0144skie parom z terenu gminy G\u00f3zd, kt\u00f3re w ostatnim czasie obchodzi\u0142y lub niebawem b\u0119d\u0105 obchodzi\u0107 50. rocznic\u0119 \u015blubu.<\/p>\n\n\n\n<p class=\"has-black-color has-text-color has-link-color wp-elements-49eb176a2d936bc43c1e80fa95ed2a7b\">Jubilat\u00f3w, kt\u00f3rzy chc\u0105 otrzyma\u0107 to honorowe odznaczenie i wzi\u0105\u0107 udzia\u0142 w ceremonii jego wr\u0119czenia, <strong>prosimy o kontakt z kierownikiem Urz\u0119du Stanu Cywilnego w Go\u017adzie pani\u0105 Zofi\u0105 Walczak, tel.: 48\/320-20-97 wew. 43 e-mail: usc@gozd.pl.<\/strong><strong> Zg\u0142oszenia b\u0119d\u0105 przyjmowane do 27 lutego br.<\/strong><\/p>\n\n\n\n<p>Przypomnijmy, \u017ce medal za d\u0142ugoletnie po\u017cycie ma\u0142\u017ce\u0144skie &#8211; ustanowiony ustaw\u0105 z dnia 17 lutego 1960 r., &#8211; stanowi nagrod\u0119 dla os\u00f3b, kt\u00f3re prze\u017cy\u0142y 50 lat w jednym zwi\u0105zku ma\u0142\u017ce\u0144skim. To honorowe odznaczenie nadawane jest przez prezydenta RP zgodnie z ustaw\u0105 z dnia 16 pa\u017adziernika 1992 r. o orderach i odznaczeniach. Przywilej jego otrzymania przys\u0142uguje tylko raz.<\/p>\n\n\n\n<p><strong>Pobierz:<\/strong><br>Formularz zg\u0142oszenia jubileuszu 50-lecia ma\u0142\u017ce\u0144stwa <a href=\"http:\/\/www.bip.gozd.pl\/upload\/15_info_ogolne_plus_wniosek.pdf\">http:\/\/www.bip.gozd.pl\/upload\/15_info_ogolne_plus_wniosek.pdf<\/a><\/p>\n\n\n\n<p><a href=\"https:\/\/nowa.gozd.pl\/wp-content\/uploads\/2026\/01\/USC_230126_zgody.pdf\">Zgody na przetwarzanie danych osobowych i rozpowszechnianie wizerunku<\/a><\/p>\n\n\n\n<p><\/p>\n","protected":false},"excerpt":{"rendered":"<div class=\"mh-excerpt\"><p>zanowni Mieszka\u0144cy, informujemy, \u017ce W\u00f3jt Gminy G\u00f3zd zamierza wyst\u0105pi\u0107 z wnioskiem do Prezydenta Rzeczypospolitej Polskiej o nadanie medali za d\u0142ugoletnie po\u017cycie ma\u0142\u017ce\u0144skie parom z terenu gminy G\u00f3zd, kt\u00f3re w ostatnim czasie obchodzi\u0142y lub niebawem b\u0119d\u0105 <a class=\"mh-excerpt-more\" href=\"https:\/\/nowa.gozd.pl\/?p=3406\" title=\"Z\u0141OTE GODY &#8211; ZG\u0141O\u015a JUBILAT\u00d3W DO ODZNACZENIA\">[&#8230;]<\/a><\/p>\n<\/div>","protected":false},"author":1,"featured_media":3407,"comment_status":"closed","ping_status":"closed","sticky":false,"template":"template-full.php","format":"standard","meta":{"footnotes":""},"categories":[6],"tags":[],"class_list":{"0":"post-3406","1":"post","2":"type-post","3":"status-publish","4":"format-standard","5":"has-post-thumbnail","7":"category-prawe-boczne"},"_links":{"self":[{"href":"https:\/\/nowa.gozd.pl\/index.php?rest_route=\/wp\/v2\/posts\/3406","targetHints":{"allow":["GET"]}}],"collection":[{"href":"https:\/\/nowa.gozd.pl\/index.php?rest_route=\/wp\/v2\/posts"}],"about":[{"href":"https:\/\/nowa.gozd.pl\/index.php?rest_route=\/wp\/v2\/types\/post"}],"author":[{"embeddable":true,"href":"https:\/\/nowa.gozd.pl\/index.php?rest_route=\/wp\/v2\/users\/1"}],"replies":[{"embeddable":true,"href":"https:\/\/nowa.gozd.pl\/index.php?rest_route=%2Fwp%2Fv2%2Fcomments&post=3406"}],"version-history":[{"count":4,"href":"https:\/\/nowa.gozd.pl\/index.php?rest_route=\/wp\/v2\/posts\/3406\/revisions"}],"predecessor-version":[{"id":3414,"href":"https:\/\/nowa.gozd.pl\/index.php?rest_route=\/wp\/v2\/posts\/3406\/revisions\/3414"}],"wp:featuredmedia":[{"embeddable":true,"href":"https:\/\/nowa.gozd.pl\/index.php?rest_route=\/wp\/v2\/media\/3407"}],"wp:attachment":[{"href":"https:\/\/nowa.gozd.pl\/index.php?rest_route=%2Fwp%2Fv2%2Fmedia&parent=3406"}],"wp:term":[{"taxonomy":"category","embeddable":true,"href":"https:\/\/nowa.gozd.pl\/index.php?rest_route=%2Fwp%2Fv2%2Fcategories&post=3406"},{"taxonomy":"post_tag","embeddable":true,"href":"https:\/\/nowa.gozd.pl\/index.php?rest_route=%2Fwp%2Fv2%2Ftags&post=3406"}],"curies":[{"name":"wp","href":"https:\/\/api.w.org\/{rel}","templated":true}]}}