{"id":3478,"date":"2026-03-04T14:01:12","date_gmt":"2026-03-04T14:01:12","guid":{"rendered":"https:\/\/nowa.gozd.pl\/?p=3478"},"modified":"2026-03-07T15:11:18","modified_gmt":"2026-03-07T15:11:18","slug":"gmina-gozd-uczestnikiem-projektu-mazowiecka-szkola-przyszlosci-2","status":"publish","type":"post","link":"https:\/\/nowa.gozd.pl\/?p=3478","title":{"rendered":"GMINA G\u00d3ZD UCZESTNIKIEM PROJEKTU &#8222;MAZOWIECKA SZKO\u0141A PRZYSZ\u0141O\u015aCI&#8221;"},"content":{"rendered":"\n<p>W dniu 14 pa\u017adziernika 2025 roku Zarz\u0105d Wojew\u00f3dztwa Mazowieckiego przyzna\u0142 dofinansowanie oraz zatwierdzi\u0142 zasady realizacji projektu niekonkurencyjnego \u201eMazowiecka Szko\u0142a Przysz\u0142o\u015bci\u201d na obszarze Regionu Mazowieckiego Regionalnego.<\/p>\n\n\n\n<p>Projekt jest dofinansowany ze \u015brodk\u00f3w Unii Europejskiej w ramach Programu Fundusze Europejskie dla Mazowsza 2021-2027, Priorytet VII \u201eFundusze Europejskie dla nowoczesnej i&nbsp;dost\u0119pnej edukacji na Mazowszu\u201d, Dzia\u0142anie 7.2 \u201eWzmocnienie kompetencji uczni\u00f3w\u201d.<\/p>\n\n\n\n<p>Celem projektu jest podniesienie poziomu edukacji w 469 szko\u0142ach kszta\u0142cenia og\u00f3lnego oraz rozw\u00f3j wiedzy i umiej\u0119tno\u015bci uczni\u00f3w i nauczycieli.<\/p>\n\n\n\n<p>Projekt realizowany jest w formule partnerskiej we wsp\u00f3\u0142pracy ze 199 Partnerami, w tym 198 jednostkami samorz\u0105du terytorialnego oraz Agencj\u0105 Rozwoju Mazowsza S.A.<\/p>\n\n\n\n<p>Efektem realizacji projektu b\u0119dzie rozw\u00f3j kompetencji kluczowych uczni\u00f3w.<\/p>\n\n\n\n<p>W projekcie przewidziano doposa\u017cenie 330 szk\u00f3\u0142 w interdyscyplinarne pracownie szkolne do nauki przedmiot\u00f3w matematyczno-przyrodniczych z wykorzystaniem metody STEAM oraz eksperymentu, realizacj\u0119 dla 800 nauczycieli warsztat\u00f3w z zakresu kszta\u0142towania kompetencji kluczowych, realizacj\u0119 dla 900 nauczycieli warsztat\u00f3w z zakresu pracy metod\u0105 eksperymentu. Projekt zak\u0142ada r\u00f3wnie\u017c organizacj\u0119 zaj\u0119\u0107 pozalekcyjnych dla 19146 uczni\u00f3w, uczestnictwo w us\u0142udze szkoleniowo-treningowej w obszarze kompetencji kluczowych oraz og\u00f3lno\u017cyciowych z wykorzystaniem aplikacji dla 67100 uczni\u00f3w oraz realizacj\u0119 wycieczek warsztatowych dla 11743 uczni\u00f3w ze szczeg\u00f3lnym uwzgl\u0119dnieniem edukacji ekologicznej i klimatycznej.<\/p>\n\n\n\n<p>Ca\u0142kowita warto\u015b\u0107 projektu \u201eMazowiecka Szko\u0142a Przysz\u0142o\u015bci\u201d \u2013 Region Mazowiecki Regionalny wynosi 166 550 161,47 PLN, w tym wk\u0142ad UE stanowi 141 567 637,25 PLN.<\/p>\n\n\n\n<p>#FunduszeUE<\/p>\n\n\n\n<p><strong>Gmina G\u00f3zd pozytywnie przesz\u0142a proces rekrutacji. Do udzia\u0142u w projekcie zakwalifikowano Publiczn\u0105 Szko\u0142\u0119 Podstawow\u0105 im. Jana Kochanowskiego w Ma\u0142\u0119czynie.<\/strong><\/p>\n\n\n\n<p><strong>Projekt realizowany b\u0119dzie w&nbsp;latach 2025-2029.<\/strong><\/p>\n\n\n","protected":false},"excerpt":{"rendered":"<div class=\"mh-excerpt\"><p>W dniu 14 pa\u017adziernika 2025 roku Zarz\u0105d Wojew\u00f3dztwa Mazowieckiego przyzna\u0142 dofinansowanie oraz zatwierdzi\u0142 zasady realizacji projektu niekonkurencyjnego \u201eMazowiecka Szko\u0142a Przysz\u0142o\u015bci\u201d na obszarze Regionu Mazowieckiego Regionalnego. Projekt jest dofinansowany ze \u015brodk\u00f3w Unii Europejskiej w ramach Programu <a class=\"mh-excerpt-more\" href=\"https:\/\/nowa.gozd.pl\/?p=3478\" title=\"GMINA G\u00d3ZD UCZESTNIKIEM PROJEKTU &#8222;MAZOWIECKA SZKO\u0141A PRZYSZ\u0141O\u015aCI&#8221;\">[&#8230;]<\/a><\/p>\n<\/div>","protected":false},"author":1,"featured_media":3487,"comment_status":"closed","ping_status":"closed","sticky":false,"template":"template-full.php","format":"standard","meta":{"footnotes":""},"categories":[6],"tags":[],"class_list":{"0":"post-3478","1":"post","2":"type-post","3":"status-publish","4":"format-standard","5":"has-post-thumbnail","7":"category-prawe-boczne"},"_links":{"self":[{"href":"https:\/\/nowa.gozd.pl\/index.php?rest_route=\/wp\/v2\/posts\/3478","targetHints":{"allow":["GET"]}}],"collection":[{"href":"https:\/\/nowa.gozd.pl\/index.php?rest_route=\/wp\/v2\/posts"}],"about":[{"href":"https:\/\/nowa.gozd.pl\/index.php?rest_route=\/wp\/v2\/types\/post"}],"author":[{"embeddable":true,"href":"https:\/\/nowa.gozd.pl\/index.php?rest_route=\/wp\/v2\/users\/1"}],"replies":[{"embeddable":true,"href":"https:\/\/nowa.gozd.pl\/index.php?rest_route=%2Fwp%2Fv2%2Fcomments&post=3478"}],"version-history":[{"count":1,"href":"https:\/\/nowa.gozd.pl\/index.php?rest_route=\/wp\/v2\/posts\/3478\/revisions"}],"predecessor-version":[{"id":3479,"href":"https:\/\/nowa.gozd.pl\/index.php?rest_route=\/wp\/v2\/posts\/3478\/revisions\/3479"}],"wp:featuredmedia":[{"embeddable":true,"href":"https:\/\/nowa.gozd.pl\/index.php?rest_route=\/wp\/v2\/media\/3487"}],"wp:attachment":[{"href":"https:\/\/nowa.gozd.pl\/index.php?rest_route=%2Fwp%2Fv2%2Fmedia&parent=3478"}],"wp:term":[{"taxonomy":"category","embeddable":true,"href":"https:\/\/nowa.gozd.pl\/index.php?rest_route=%2Fwp%2Fv2%2Fcategories&post=3478"},{"taxonomy":"post_tag","embeddable":true,"href":"https:\/\/nowa.gozd.pl\/index.php?rest_route=%2Fwp%2Fv2%2Ftags&post=3478"}],"curies":[{"name":"wp","href":"https:\/\/api.w.org\/{rel}","templated":true}]}}