{"id":3493,"date":"2026-03-09T12:58:30","date_gmt":"2026-03-09T12:58:30","guid":{"rendered":"https:\/\/nowa.gozd.pl\/?p=3493"},"modified":"2026-03-10T07:07:59","modified_gmt":"2026-03-10T07:07:59","slug":"pol-miliona-zlotych-na-modernizacje-kompleksu-sportowego-w-maleczynie","status":"publish","type":"post","link":"https:\/\/nowa.gozd.pl\/?p=3493","title":{"rendered":"\u0106WIER\u0106 MILIONA Z\u0141OTYCH NA MODERNIZACJ\u0118 KOMPLEKSU SPORTOWEGO W MA\u0141\u0118CZYNIE"},"content":{"rendered":"\n<p>W dniu 26 lutego 2026 r. W\u00f3jt Gminy G\u00f3zd pan Pawe\u0142 Dziewit przy kontrasygnacie Skarbnika Gminy pani Bogus\u0142awy Ko\u015bcielniak podpisa\u0142 umow\u0119 o dofinansowanie ze \u015brodk\u00f3w Funduszu Rozwoju Kultury Fizycznej, kt\u00f3rych dysponentem jest Minister Sportu i Turystyki, zadania inwestycyjnego pod nazw\u0105 \u201eModernizacja kompleksu sportowego ORLIK przy Publicznej Szkole Podstawowej w Ma\u0142\u0119czynie.<\/p>\n\n\n\n<p>Koszt ca\u0142kowity zadania to 501 871,00 z\u0142, z czego <strong>dofinansowanie &#8211; 250 900,00 z\u0142<\/strong>, \u015brodki w\u0142asne gminy &#8211; 250 971,00 z\u0142.<\/p>\n\n\n\n<p>Zakres prac obejmuje wymian\u0119 nawierzchni z trawy syntetycznej oraz modernizacj\u0119 ogrodzenia boiska i pi\u0142kochwyt\u00f3w.<\/p>\n\n\n\n<div class=\"wp-block-columns is-layout-flex wp-container-core-columns-is-layout-9d6595d7 wp-block-columns-is-layout-flex\">\n<div class=\"wp-block-column is-layout-flow wp-block-column-is-layout-flow\">\n<figure class=\"wp-block-image size-large\"><img loading=\"lazy\" decoding=\"async\" width=\"576\" height=\"1024\" src=\"https:\/\/nowa.gozd.pl\/wp-content\/uploads\/2026\/03\/IMG_20250122_131501509-576x1024.jpg\" alt=\"\" class=\"wp-image-3495\" srcset=\"https:\/\/nowa.gozd.pl\/wp-content\/uploads\/2026\/03\/IMG_20250122_131501509-576x1024.jpg 576w, https:\/\/nowa.gozd.pl\/wp-content\/uploads\/2026\/03\/IMG_20250122_131501509-169x300.jpg 169w, https:\/\/nowa.gozd.pl\/wp-content\/uploads\/2026\/03\/IMG_20250122_131501509-768x1365.jpg 768w, https:\/\/nowa.gozd.pl\/wp-content\/uploads\/2026\/03\/IMG_20250122_131501509-864x1536.jpg 864w, https:\/\/nowa.gozd.pl\/wp-content\/uploads\/2026\/03\/IMG_20250122_131501509-1152x2048.jpg 1152w, https:\/\/nowa.gozd.pl\/wp-content\/uploads\/2026\/03\/IMG_20250122_131501509-scaled.jpg 1440w\" sizes=\"auto, (max-width: 576px) 100vw, 576px\" \/><\/figure>\n<\/div>\n\n\n\n<div class=\"wp-block-column is-layout-flow wp-block-column-is-layout-flow\">\n<figure class=\"wp-block-image size-large\"><img loading=\"lazy\" decoding=\"async\" width=\"576\" height=\"1024\" src=\"https:\/\/nowa.gozd.pl\/wp-content\/uploads\/2026\/03\/4-1-576x1024.jpg\" alt=\"\" class=\"wp-image-3496\" srcset=\"https:\/\/nowa.gozd.pl\/wp-content\/uploads\/2026\/03\/4-1-576x1024.jpg 576w, https:\/\/nowa.gozd.pl\/wp-content\/uploads\/2026\/03\/4-1-169x300.jpg 169w, https:\/\/nowa.gozd.pl\/wp-content\/uploads\/2026\/03\/4-1-768x1365.jpg 768w, https:\/\/nowa.gozd.pl\/wp-content\/uploads\/2026\/03\/4-1-864x1536.jpg 864w, https:\/\/nowa.gozd.pl\/wp-content\/uploads\/2026\/03\/4-1-1152x2048.jpg 1152w, https:\/\/nowa.gozd.pl\/wp-content\/uploads\/2026\/03\/4-1-scaled.jpg 1440w\" sizes=\"auto, (max-width: 576px) 100vw, 576px\" \/><\/figure>\n<\/div>\n<\/div>\n","protected":false},"excerpt":{"rendered":"<div class=\"mh-excerpt\"><p>W dniu 26 lutego 2026 r. W\u00f3jt Gminy G\u00f3zd pan Pawe\u0142 Dziewit przy kontrasygnacie Skarbnika Gminy pani Bogus\u0142awy Ko\u015bcielniak podpisa\u0142 umow\u0119 o dofinansowanie ze \u015brodk\u00f3w Funduszu Rozwoju Kultury Fizycznej, kt\u00f3rych dysponentem jest Minister Sportu i <a class=\"mh-excerpt-more\" href=\"https:\/\/nowa.gozd.pl\/?p=3493\" title=\"\u0106WIER\u0106 MILIONA Z\u0141OTYCH NA MODERNIZACJ\u0118 KOMPLEKSU SPORTOWEGO W MA\u0141\u0118CZYNIE\">[&#8230;]<\/a><\/p>\n<\/div>","protected":false},"author":1,"featured_media":3498,"comment_status":"closed","ping_status":"closed","sticky":false,"template":"template-full.php","format":"standard","meta":{"footnotes":""},"categories":[6],"tags":[],"class_list":{"0":"post-3493","1":"post","2":"type-post","3":"status-publish","4":"format-standard","5":"has-post-thumbnail","7":"category-prawe-boczne"},"_links":{"self":[{"href":"https:\/\/nowa.gozd.pl\/index.php?rest_route=\/wp\/v2\/posts\/3493","targetHints":{"allow":["GET"]}}],"collection":[{"href":"https:\/\/nowa.gozd.pl\/index.php?rest_route=\/wp\/v2\/posts"}],"about":[{"href":"https:\/\/nowa.gozd.pl\/index.php?rest_route=\/wp\/v2\/types\/post"}],"author":[{"embeddable":true,"href":"https:\/\/nowa.gozd.pl\/index.php?rest_route=\/wp\/v2\/users\/1"}],"replies":[{"embeddable":true,"href":"https:\/\/nowa.gozd.pl\/index.php?rest_route=%2Fwp%2Fv2%2Fcomments&post=3493"}],"version-history":[{"count":2,"href":"https:\/\/nowa.gozd.pl\/index.php?rest_route=\/wp\/v2\/posts\/3493\/revisions"}],"predecessor-version":[{"id":3500,"href":"https:\/\/nowa.gozd.pl\/index.php?rest_route=\/wp\/v2\/posts\/3493\/revisions\/3500"}],"wp:featuredmedia":[{"embeddable":true,"href":"https:\/\/nowa.gozd.pl\/index.php?rest_route=\/wp\/v2\/media\/3498"}],"wp:attachment":[{"href":"https:\/\/nowa.gozd.pl\/index.php?rest_route=%2Fwp%2Fv2%2Fmedia&parent=3493"}],"wp:term":[{"taxonomy":"category","embeddable":true,"href":"https:\/\/nowa.gozd.pl\/index.php?rest_route=%2Fwp%2Fv2%2Fcategories&post=3493"},{"taxonomy":"post_tag","embeddable":true,"href":"https:\/\/nowa.gozd.pl\/index.php?rest_route=%2Fwp%2Fv2%2Ftags&post=3493"}],"curies":[{"name":"wp","href":"https:\/\/api.w.org\/{rel}","templated":true}]}}