{"id":3514,"date":"2026-03-13T12:42:32","date_gmt":"2026-03-13T12:42:32","guid":{"rendered":"https:\/\/nowa.gozd.pl\/?p=3514"},"modified":"2026-03-13T12:46:25","modified_gmt":"2026-03-13T12:46:25","slug":"badz-uczciwy-nie-wystawiaj-bioodpadow-jesli-korzystasz-ze-zwolnienia","status":"publish","type":"post","link":"https:\/\/nowa.gozd.pl\/?p=3514","title":{"rendered":"B\u0104D\u0179 UCZCIWY \u2013 NIE WYSTAWIAJ BIOODPAD\u00d3W, JE\u015aLI KORZYSTASZ ZE ZWOLNIENIA!"},"content":{"rendered":"\n<p>W zwi\u0105zku z rozpoczynaj\u0105cym si\u0119 sezonem wiosennych porz\u0105dk\u00f3w w ogrodach i na dzia\u0142kach, <strong>przypominamy, \u017ce w\u0142a\u015bciciele nieruchomo\u015bci, kt\u00f3rzy zadeklarowali posiadanie kompostownika i korzystaj\u0105 z ulgi w op\u0142acie za gospodarowanie odpadami komunalnymi, zobowi\u0105zani s\u0105 do zagospodarowania wszystkich bioodpad\u00f3w we w\u0142asnym zakresie (w kompostowniku)&#8230;\u00a0<\/strong><\/p>\n\n\n<div class=\"wp-block-image\">\n<figure class=\"aligncenter size-large\"><img loading=\"lazy\" decoding=\"async\" width=\"724\" height=\"1024\" src=\"https:\/\/nowa.gozd.pl\/wp-content\/uploads\/2026\/03\/61cddf4434bd8-724x1024.png\" alt=\"\" class=\"wp-image-3515\" srcset=\"https:\/\/nowa.gozd.pl\/wp-content\/uploads\/2026\/03\/61cddf4434bd8-724x1024.png 724w, https:\/\/nowa.gozd.pl\/wp-content\/uploads\/2026\/03\/61cddf4434bd8-212x300.png 212w, https:\/\/nowa.gozd.pl\/wp-content\/uploads\/2026\/03\/61cddf4434bd8-768x1086.png 768w, https:\/\/nowa.gozd.pl\/wp-content\/uploads\/2026\/03\/61cddf4434bd8.png 877w\" sizes=\"auto, (max-width: 724px) 100vw, 724px\" \/><\/figure>\n<\/div>\n\n\n<p><\/p>\n\n\n\n<p><\/p>\n","protected":false},"excerpt":{"rendered":"<div class=\"mh-excerpt\"><p>W zwi\u0105zku z rozpoczynaj\u0105cym si\u0119 sezonem wiosennych porz\u0105dk\u00f3w w ogrodach i na dzia\u0142kach, przypominamy, \u017ce w\u0142a\u015bciciele nieruchomo\u015bci, kt\u00f3rzy zadeklarowali posiadanie kompostownika i korzystaj\u0105 z ulgi w op\u0142acie za gospodarowanie odpadami komunalnymi, zobowi\u0105zani s\u0105 do zagospodarowania <a class=\"mh-excerpt-more\" href=\"https:\/\/nowa.gozd.pl\/?p=3514\" title=\"B\u0104D\u0179 UCZCIWY \u2013 NIE WYSTAWIAJ BIOODPAD\u00d3W, JE\u015aLI KORZYSTASZ ZE ZWOLNIENIA!\">[&#8230;]<\/a><\/p>\n<\/div>","protected":false},"author":1,"featured_media":3519,"comment_status":"closed","ping_status":"closed","sticky":false,"template":"template-full.php","format":"standard","meta":{"footnotes":""},"categories":[6],"tags":[],"class_list":{"0":"post-3514","1":"post","2":"type-post","3":"status-publish","4":"format-standard","5":"has-post-thumbnail","7":"category-prawe-boczne"},"_links":{"self":[{"href":"https:\/\/nowa.gozd.pl\/index.php?rest_route=\/wp\/v2\/posts\/3514","targetHints":{"allow":["GET"]}}],"collection":[{"href":"https:\/\/nowa.gozd.pl\/index.php?rest_route=\/wp\/v2\/posts"}],"about":[{"href":"https:\/\/nowa.gozd.pl\/index.php?rest_route=\/wp\/v2\/types\/post"}],"author":[{"embeddable":true,"href":"https:\/\/nowa.gozd.pl\/index.php?rest_route=\/wp\/v2\/users\/1"}],"replies":[{"embeddable":true,"href":"https:\/\/nowa.gozd.pl\/index.php?rest_route=%2Fwp%2Fv2%2Fcomments&post=3514"}],"version-history":[{"count":1,"href":"https:\/\/nowa.gozd.pl\/index.php?rest_route=\/wp\/v2\/posts\/3514\/revisions"}],"predecessor-version":[{"id":3517,"href":"https:\/\/nowa.gozd.pl\/index.php?rest_route=\/wp\/v2\/posts\/3514\/revisions\/3517"}],"wp:featuredmedia":[{"embeddable":true,"href":"https:\/\/nowa.gozd.pl\/index.php?rest_route=\/wp\/v2\/media\/3519"}],"wp:attachment":[{"href":"https:\/\/nowa.gozd.pl\/index.php?rest_route=%2Fwp%2Fv2%2Fmedia&parent=3514"}],"wp:term":[{"taxonomy":"category","embeddable":true,"href":"https:\/\/nowa.gozd.pl\/index.php?rest_route=%2Fwp%2Fv2%2Fcategories&post=3514"},{"taxonomy":"post_tag","embeddable":true,"href":"https:\/\/nowa.gozd.pl\/index.php?rest_route=%2Fwp%2Fv2%2Ftags&post=3514"}],"curies":[{"name":"wp","href":"https:\/\/api.w.org\/{rel}","templated":true}]}}