{"id":3595,"date":"2026-04-29T11:05:03","date_gmt":"2026-04-29T11:05:03","guid":{"rendered":"https:\/\/nowa.gozd.pl\/?p=3595"},"modified":"2026-04-29T11:06:02","modified_gmt":"2026-04-29T11:06:02","slug":"245-tys-zl-z-budzetu-wojewodztwa-mazowieckiego-dla-gminy-gozd","status":"publish","type":"post","link":"https:\/\/nowa.gozd.pl\/?p=3595","title":{"rendered":"245 TYS. Z\u0141 Z BUD\u017bETU WOJEW\u00d3DZTWA MAZOWIECKIEGO DLA GMINY G\u00d3ZD"},"content":{"rendered":"\n<p>29 kwietnia\u00a0 br. w radomskiej delegaturze Urz\u0119du Marsza\u0142kowskiego w Radomiu podpisano umowy na dofinansowanie czterech zada\u0144, tj.: (&#8230;)<\/p>\n\n\n\n<ul class=\"wp-block-list\">\n<li>remont \u015bwietlicy wiejskiej w Budach Niemianowskich \u2013 wsparcie w kwocie 200 tys. z\u0142,<\/li>\n\n\n\n<li>monta\u017c prog\u00f3w zwalniaj\u0105cych na drodze gminnej w Wojs\u0142awicach \u2013 wsparcie w kwocie 15 tys. z\u0142,<\/li>\n\n\n\n<li>instalacj\u0119 monitoringu na obiekcie u\u017cyteczno\u015bci publicznej w Grzmucinie \u2013 wsparcie w kwocie 15 tys. z\u0142,<\/li>\n\n\n\n<li>instalacj\u0119 monitoringu na obiekcie u\u017cyteczno\u015bci publicznej w Budach Niemianowskich \u2013 wsparcie w kwocie 15 tys. z\u0142.<\/li>\n<\/ul>\n\n\n\n<p>Dofinansowanie na remont \u015bwietlicy pozyskano w ramach programu \u201eMazowsze dla lokalnych centr\u00f3w integracyjnych 2026\u201d, natomiast na trzy pozosta\u0142e zadania w ramach programu \u201eMazowiecki Instrument Aktywizacji So\u0142ectw MAZOWSZE 2026\u201d \u2013 \u201eMazowsze dla so\u0142ectw 2026\u201d.<\/p>\n\n\n\n<p>W uroczysto\u015bci podpisania um\u00f3w gmin\u0119 G\u00f3zd reprezentowali: w\u00f3jt pan Pawe\u0142 Dziewit oraz zast\u0119pca skarbnika pani Ewa Wosztyl, za\u015b Urz\u0105d Marsza\u0142kowski \u2013 wicemarsza\u0142ek pan Rafa\u0142 Rajkowski.<\/p>\n\n\n<div class=\"wp-block-image\">\n<figure class=\"aligncenter size-full\"><img loading=\"lazy\" decoding=\"async\" width=\"800\" height=\"600\" src=\"https:\/\/nowa.gozd.pl\/wp-content\/uploads\/2026\/04\/IMG-20260429-WA0002.jpg\" alt=\"\" class=\"wp-image-3596\" srcset=\"https:\/\/nowa.gozd.pl\/wp-content\/uploads\/2026\/04\/IMG-20260429-WA0002.jpg 800w, https:\/\/nowa.gozd.pl\/wp-content\/uploads\/2026\/04\/IMG-20260429-WA0002-300x225.jpg 300w, https:\/\/nowa.gozd.pl\/wp-content\/uploads\/2026\/04\/IMG-20260429-WA0002-768x576.jpg 768w, https:\/\/nowa.gozd.pl\/wp-content\/uploads\/2026\/04\/IMG-20260429-WA0002-678x509.jpg 678w, https:\/\/nowa.gozd.pl\/wp-content\/uploads\/2026\/04\/IMG-20260429-WA0002-326x245.jpg 326w, https:\/\/nowa.gozd.pl\/wp-content\/uploads\/2026\/04\/IMG-20260429-WA0002-80x60.jpg 80w\" sizes=\"auto, (max-width: 800px) 100vw, 800px\" \/><\/figure>\n<\/div>","protected":false},"excerpt":{"rendered":"<div class=\"mh-excerpt\"><p>29 kwietnia\u00a0 br. w radomskiej delegaturze Urz\u0119du Marsza\u0142kowskiego w Radomiu podpisano umowy na dofinansowanie czterech zada\u0144, tj.: (&#8230;) Dofinansowanie na remont \u015bwietlicy pozyskano w ramach programu \u201eMazowsze dla lokalnych centr\u00f3w integracyjnych 2026\u201d, natomiast na trzy <a class=\"mh-excerpt-more\" href=\"https:\/\/nowa.gozd.pl\/?p=3595\" title=\"245 TYS. Z\u0141 Z BUD\u017bETU WOJEW\u00d3DZTWA MAZOWIECKIEGO DLA GMINY G\u00d3ZD\">[&#8230;]<\/a><\/p>\n<\/div>","protected":false},"author":1,"featured_media":3597,"comment_status":"closed","ping_status":"closed","sticky":false,"template":"template-full.php","format":"standard","meta":{"footnotes":""},"categories":[6],"tags":[],"class_list":{"0":"post-3595","1":"post","2":"type-post","3":"status-publish","4":"format-standard","5":"has-post-thumbnail","7":"category-prawe-boczne"},"_links":{"self":[{"href":"https:\/\/nowa.gozd.pl\/index.php?rest_route=\/wp\/v2\/posts\/3595","targetHints":{"allow":["GET"]}}],"collection":[{"href":"https:\/\/nowa.gozd.pl\/index.php?rest_route=\/wp\/v2\/posts"}],"about":[{"href":"https:\/\/nowa.gozd.pl\/index.php?rest_route=\/wp\/v2\/types\/post"}],"author":[{"embeddable":true,"href":"https:\/\/nowa.gozd.pl\/index.php?rest_route=\/wp\/v2\/users\/1"}],"replies":[{"embeddable":true,"href":"https:\/\/nowa.gozd.pl\/index.php?rest_route=%2Fwp%2Fv2%2Fcomments&post=3595"}],"version-history":[{"count":2,"href":"https:\/\/nowa.gozd.pl\/index.php?rest_route=\/wp\/v2\/posts\/3595\/revisions"}],"predecessor-version":[{"id":3599,"href":"https:\/\/nowa.gozd.pl\/index.php?rest_route=\/wp\/v2\/posts\/3595\/revisions\/3599"}],"wp:featuredmedia":[{"embeddable":true,"href":"https:\/\/nowa.gozd.pl\/index.php?rest_route=\/wp\/v2\/media\/3597"}],"wp:attachment":[{"href":"https:\/\/nowa.gozd.pl\/index.php?rest_route=%2Fwp%2Fv2%2Fmedia&parent=3595"}],"wp:term":[{"taxonomy":"category","embeddable":true,"href":"https:\/\/nowa.gozd.pl\/index.php?rest_route=%2Fwp%2Fv2%2Fcategories&post=3595"},{"taxonomy":"post_tag","embeddable":true,"href":"https:\/\/nowa.gozd.pl\/index.php?rest_route=%2Fwp%2Fv2%2Ftags&post=3595"}],"curies":[{"name":"wp","href":"https:\/\/api.w.org\/{rel}","templated":true}]}}