{"id":3600,"date":"2026-04-30T11:07:23","date_gmt":"2026-04-30T11:07:23","guid":{"rendered":"https:\/\/nowa.gozd.pl\/?p=3600"},"modified":"2026-04-30T11:09:04","modified_gmt":"2026-04-30T11:09:04","slug":"majowe-swieta-nrodowe-historia-patriotyzm-tozsamosc","status":"publish","type":"post","link":"https:\/\/nowa.gozd.pl\/?p=3600","title":{"rendered":"MAJOWE \u015aWI\u0118TA NARODOWE: HISTORIA, PATRIOTYZM, TO\u017bSAMO\u015a\u0106"},"content":{"rendered":"\n<p>W pierwszych dniach maja obchodzimy trzy wa\u017cne \u015bwi\u0119ta pa\u0144stwowe i narodowe, kt\u00f3re nie tylko przypominaj\u0105 o kluczowych momentach naszej historii, ale te\u017c buduj\u0105 wsp\u00f3\u0142czesne poczucie wsp\u00f3lnoty i patriotyzmu. Cho\u0107 ka\u017cde z tych \u015bwi\u0105t ma odr\u0119bny charakter, razem tworz\u0105 symboliczny ci\u0105g pami\u0119ci o wolno\u015bci, konstytucyjnych warto\u015bciach i to\u017csamo\u015bci narodowej.<\/p>\n\n\n\n<p>Szczeg\u00f3lnie 2 i 3 maja stanowi\u0105 znakomit\u0105 okazj\u0119, by przypomnie\u0107 sobie, \u017ce Polska by\u0142a jednym z prekursor\u00f3w nowoczesnego konstytucjonalizmu, \u017ce ma swoje wielkie symbole i \u017ce jeste\u015bmy odpowiedzialni nie tylko za piel\u0119gnowanie tych warto\u015bci, ale r\u00f3wnie\u017c za przekazywanie ich kolejnym pokoleniom.<\/p>\n\n\n\n<p>B\u0105d\u017amy zatem dumni z polskiej historii i naszych symboli narodowych.<\/p>\n\n\n\n<p class=\"has-vivid-red-color has-text-color has-link-color wp-elements-d46ed0380a65aaaebcac692ad4ea813c\"><strong>\u015awi\u0119tuj\u0105c 1 maja (\u015awi\u0119to Pracy), 2 maja (Dzie\u0144 Flagi RP) oraz 3 maja (\u015awi\u0119to Konstytucji 3 Maja),  podkre\u015blmy nasz\u0105 to\u017csamo\u015b\u0107 i jedno\u015b\u0107 narodow\u0105.  Wywie\u015bmy bia\u0142o-czerwon\u0105 flag\u0119!<\/strong><\/p>\n\n\n\n<p class=\"has-vivid-red-color has-text-color has-link-color wp-elements-903f79d0271b2949aa0a2bbf8869d954\"><strong>1 maja \u2013 \u015awi\u0119to Pracy<\/strong><\/p>\n\n\n\n<p>\u015awi\u0119to Pracy obchodzone 1 maja ma swoje korzenie w wydarzeniach z ko\u0144ca XIX wieku, gdy ruchy robotnicze na ca\u0142ym \u015bwiecie zacz\u0119\u0142y walczy\u0107 o prawa pracownicze, w tym o o\u015bmiogodzinny dzie\u0144 pracy. Bezpo\u015brednim impulsem do ustanowienia tego dnia by\u0142a krwawa pacyfikacja protest\u00f3w w Chicago w 1886 roku. W Polsce \u015awi\u0119to Pracy obchodzono jeszcze przed odzyskaniem niepodleg\u0142o\u015bci \u2013 pierwsze obchody mia\u0142y miejsce w 1890 roku.<\/p>\n\n\n\n<p>W czasach PRL-u 1 maja by\u0142 jednym z najwa\u017cniejszych \u015bwi\u0105t pa\u0144stwowych, celebrowanym z rozmachem przez w\u0142adze komunistyczne. Po 1989 roku \u015bwi\u0119to straci\u0142o na znaczeniu politycznym, ale nadal jest dniem ustawowo wolnym od pracy. Dla wielu os\u00f3b to dzi\u015b bardziej dzie\u0144 refleksji nad godno\u015bci\u0105 pracy i rol\u0105 pracownika ni\u017c manifestacji ideologicznych.<\/p>\n\n\n\n<p class=\"has-vivid-red-color has-text-color has-link-color wp-elements-d8c85d07cb5137ba7e0fe9c9b3323a12\"><strong>2 maja \u2013 Dzie\u0144 Flagi Rzeczypospolitej Polskiej<\/strong><\/p>\n\n\n\n<p>Dzie\u0144 Flagi, obchodzony od 2004 roku, to stosunkowo m\u0142ode \u015bwi\u0119to, ale o ogromnym znaczeniu dla wychowania patriotycznego i budowania \u015bwiadomo\u015bci narodowej. Data 2 maja zosta\u0142a wybrana nieprzypadkowo \u2013 to dzie\u0144 mi\u0119dzy dwoma innymi wa\u017cnymi \u015bwi\u0119tami, wolny od ideologicznych i religijnych odniesie\u0144, co pozwala na skupienie si\u0119 na symbolice narodowej.<\/p>\n\n\n\n<p>2 maja to tak\u017ce dzie\u0144, w kt\u00f3rym w 1945 roku polscy \u017co\u0142nierze zawiesili bia\u0142o-czerwon\u0105 flag\u0119 na Kolumnie Zwyci\u0119stwa w Berlinie, po zdobyciu miasta. Flaga Rzeczypospolitej Polskiej \u2013 prosta w formie, lecz g\u0142\u0119boka w tre\u015bci \u2013 symbolizuje ci\u0105g\u0142o\u015b\u0107 pa\u0144stwowo\u015bci, jedno\u015b\u0107 narodow\u0105 i dum\u0119 z polskiej historii.<\/p>\n\n\n\n<p>Dzie\u0144 Flagi to doskona\u0142a okazja do rozmowy o warto\u015bciach takich jak patriotyzm, obywatelsko\u015b\u0107 i szacunek dla wsp\u00f3lnych symboli. To tak\u017ce impuls do edukacji historycznej, szczeg\u00f3lnie w\u015br\u00f3d m\u0142odszych pokole\u0144, kt\u00f3re poprzez gest wywieszania flagi ucz\u0105 si\u0119 szacunku do ojczyzny.<\/p>\n\n\n\n<p class=\"has-vivid-red-color has-text-color has-link-color wp-elements-890410aa492e4dd5dac96858a79347a4\"><strong>3 maja \u2013 \u015awi\u0119to Konstytucji Trzeciego Maja<\/strong><\/p>\n\n\n\n<p>To jedno z najwa\u017cniejszych \u015bwi\u0105t narodowych w Polsce. 3 maja 1791 roku Sejm Czteroletni uchwali\u0142 Konstytucj\u0119, kt\u00f3ra by\u0142a pierwsz\u0105 w Europie i drug\u0105 na \u015bwiecie (po ameryka\u0144skiej z 1787 roku) spisan\u0105 ustaw\u0105 zasadnicz\u0105. By\u0142 to akt odwagi i dalekowzroczno\u015bci polskich reformator\u00f3w, kt\u00f3rzy chcieli uratowa\u0107 pa\u0144stwo przed upadkiem, wzmocni\u0107 w\u0142adz\u0119 centraln\u0105 i unowocze\u015bni\u0107 ustr\u00f3j Rzeczypospolitej Obojga Narod\u00f3w.<\/p>\n\n\n\n<p>Konstytucja 3 Maja by\u0142a nie tylko pr\u00f3b\u0105 reformy wewn\u0119trznej, ale tak\u017ce symbolem walki o suwerenno\u015b\u0107 w obliczu agresywnych s\u0105siad\u00f3w. Cho\u0107 zosta\u0142a obalona w wyniku interwencji rosyjskiej ju\u017c w 1792 roku, na trwa\u0142e wpisa\u0142a si\u0119 w histori\u0119 jako dow\u00f3d dojrza\u0142o\u015bci politycznej i prawnej narodu.<\/p>\n\n\n\n<p>Dla kolejnych pokole\u0144 Polak\u00f3w, zw\u0142aszcza w czasach zabor\u00f3w i niewoli, Konstytucja Trzeciego Maja by\u0142a \u017ar\u00f3d\u0142em dumy i inspiracj\u0105 w d\u0105\u017ceniu do odzyskania niepodleg\u0142o\u015bci. \u015awi\u0119to to by\u0142o uroczy\u015bcie obchodzone ju\u017c w XIX wieku, mimo zakaz\u00f3w zaborc\u00f3w, a po 1918 roku sta\u0142o si\u0119 jednym z najwa\u017cniejszych \u015bwi\u0105t pa\u0144stwowych.<\/p>\n\n\n\n<p>Wsp\u00f3\u0142cze\u015bnie 3 maja to nie tylko rocznica uchwalenia prze\u0142omowego dokumentu, ale r\u00f3wnie\u017c dzie\u0144 refleksji nad tym, czym jest nowoczesne pa\u0144stwo prawa, jakie warto\u015bci powinny by\u0107 fundamentem \u017cycia spo\u0142ecznego i jak uczy\u0107 m\u0142ode pokolenia szacunku do wolno\u015bci, demokracji i odpowiedzialno\u015bci obywatelskiej.<\/p>\n\n\n\n<figure class=\"wp-block-image size-full\"><img loading=\"lazy\" decoding=\"async\" width=\"960\" height=\"540\" src=\"https:\/\/nowa.gozd.pl\/wp-content\/uploads\/2026\/04\/maj-1-1-1.png\" alt=\"\" class=\"wp-image-3602\" srcset=\"https:\/\/nowa.gozd.pl\/wp-content\/uploads\/2026\/04\/maj-1-1-1.png 960w, https:\/\/nowa.gozd.pl\/wp-content\/uploads\/2026\/04\/maj-1-1-1-300x169.png 300w, https:\/\/nowa.gozd.pl\/wp-content\/uploads\/2026\/04\/maj-1-1-1-768x432.png 768w, https:\/\/nowa.gozd.pl\/wp-content\/uploads\/2026\/04\/maj-1-1-1-678x381.png 678w\" sizes=\"auto, (max-width: 960px) 100vw, 960px\" \/><\/figure>\n","protected":false},"excerpt":{"rendered":"<div class=\"mh-excerpt\"><p>W pierwszych dniach maja obchodzimy trzy wa\u017cne \u015bwi\u0119ta pa\u0144stwowe i narodowe, kt\u00f3re nie tylko przypominaj\u0105 o kluczowych momentach naszej historii, ale te\u017c buduj\u0105 wsp\u00f3\u0142czesne poczucie wsp\u00f3lnoty i patriotyzmu. Cho\u0107 ka\u017cde z tych \u015bwi\u0105t ma odr\u0119bny <a class=\"mh-excerpt-more\" href=\"https:\/\/nowa.gozd.pl\/?p=3600\" title=\"MAJOWE \u015aWI\u0118TA NARODOWE: HISTORIA, PATRIOTYZM, TO\u017bSAMO\u015a\u0106\">[&#8230;]<\/a><\/p>\n<\/div>","protected":false},"author":1,"featured_media":3603,"comment_status":"closed","ping_status":"closed","sticky":false,"template":"template-full.php","format":"standard","meta":{"footnotes":""},"categories":[6],"tags":[],"class_list":{"0":"post-3600","1":"post","2":"type-post","3":"status-publish","4":"format-standard","5":"has-post-thumbnail","7":"category-prawe-boczne"},"_links":{"self":[{"href":"https:\/\/nowa.gozd.pl\/index.php?rest_route=\/wp\/v2\/posts\/3600","targetHints":{"allow":["GET"]}}],"collection":[{"href":"https:\/\/nowa.gozd.pl\/index.php?rest_route=\/wp\/v2\/posts"}],"about":[{"href":"https:\/\/nowa.gozd.pl\/index.php?rest_route=\/wp\/v2\/types\/post"}],"author":[{"embeddable":true,"href":"https:\/\/nowa.gozd.pl\/index.php?rest_route=\/wp\/v2\/users\/1"}],"replies":[{"embeddable":true,"href":"https:\/\/nowa.gozd.pl\/index.php?rest_route=%2Fwp%2Fv2%2Fcomments&post=3600"}],"version-history":[{"count":2,"href":"https:\/\/nowa.gozd.pl\/index.php?rest_route=\/wp\/v2\/posts\/3600\/revisions"}],"predecessor-version":[{"id":3605,"href":"https:\/\/nowa.gozd.pl\/index.php?rest_route=\/wp\/v2\/posts\/3600\/revisions\/3605"}],"wp:featuredmedia":[{"embeddable":true,"href":"https:\/\/nowa.gozd.pl\/index.php?rest_route=\/wp\/v2\/media\/3603"}],"wp:attachment":[{"href":"https:\/\/nowa.gozd.pl\/index.php?rest_route=%2Fwp%2Fv2%2Fmedia&parent=3600"}],"wp:term":[{"taxonomy":"category","embeddable":true,"href":"https:\/\/nowa.gozd.pl\/index.php?rest_route=%2Fwp%2Fv2%2Fcategories&post=3600"},{"taxonomy":"post_tag","embeddable":true,"href":"https:\/\/nowa.gozd.pl\/index.php?rest_route=%2Fwp%2Fv2%2Ftags&post=3600"}],"curies":[{"name":"wp","href":"https:\/\/api.w.org\/{rel}","templated":true}]}}