{"id":53,"date":"2022-07-25T07:59:00","date_gmt":"2022-07-25T07:59:00","guid":{"rendered":"https:\/\/nowa.gozd.pl\/?p=53"},"modified":"2024-04-15T13:22:18","modified_gmt":"2024-04-15T13:22:18","slug":"o-gminie","status":"publish","type":"post","link":"https:\/\/nowa.gozd.pl\/?p=53","title":{"rendered":"O Gminie"},"content":{"rendered":"\n<p><strong>Gmina G\u00f3zd<\/strong>&nbsp;jest jedn\u0105 z 13 gmin powiatu radomskiego. Znajduje si\u0119 w centralnej cz\u0119\u015bci Polski przy drodze krajowej nr 12 \u0141\u00f3d\u017a\u2013Radom\u2013Lublin. Najbli\u017csz\u0105 du\u017c\u0105 aglomeracj\u0105 jest Radom, oddalony od gminy o 18 km. Gmina zajmuje powierzchni\u0119&nbsp; 7 776 ha,&nbsp; kt\u00f3r\u0105 zamieszkuje 8 784&nbsp;os\u00f3b (stan na 31.12.2016 r.)<\/p>\n\n\n\n<p>Pierwsza wzmianka o wsi G\u00f3zd w dokumentach pisemnych pojawia si\u0119 w 1508 r. W j\u0119zyku staropolskim s\u0142owo \u201eg\u00f3zd\u201d oznacza\u0142o \u201eg\u0119sty las, zapomniane \u015brodle\u015bne pustkowie\u201d. W 1973 roku z po\u0142\u0105czenia trzech Gromadzkich Rad Narodowych powsta\u0142a gmina G\u00f3zd. Gmina funkcjonalnie i przestrzennie zwi\u0105zana jest z Radomiem. Miejscowo\u015bci gminy po\u0142o\u017cone wzd\u0142u\u017c drogi nr 12 nale\u017c\u0105 do bezpo\u015bredniej strefy oddzia\u0142ywania miasta i s\u0105 najbardziej zurbanizowane.&nbsp;<\/p>\n\n\n\n<p>Geograficznie gmina po\u0142o\u017cona jest na R\u00f3wninie Radomskiej (po\u0142udniowe kra\u0144ce Niziny Mazowieckiej). Na krajobraz gminy sk\u0142adaj\u0105 si\u0119 piaszczyste r\u00f3wniny, przeplatane lasami, polami i \u0142\u0105kami.&nbsp;<\/p>\n\n\n\n<p>W sk\u0142ad gminy wchodzi 20 so\u0142ectw: Budy Niemianowskie, Czarny Lasek, Dro\u017canki, G\u00f3zd, Grzmucin, Karsz\u00f3wka, Klwatka Kr\u00f3lewska, K\u0142on\u00f3w, K\u0142on\u00f3wek-Kolonia, K\u0142on\u00f3wek Wie\u015b, Kiedrzyn, Kuczki-Kolonia, Wojs\u0142awice, Kuczki Wie\u015b, Lipiny, Ma\u0142\u0119czyn Nowy, Ma\u0142\u0119czyn Stary, Niemianowice, Piskornica, Podg\u00f3ra.<\/p>\n\n\n\n<p>Gmina G\u00f3zd posiada herb uchwalony przez Rad\u0119 Gminy G\u00f3zd 29 pa\u017adziernika 2009 r. po uzyskaniu pozytywnej opinii Komisji Heraldycznej przy MSWiA.&nbsp;<strong>Herbem gminy s\u0105 w polu czerwonym trzy z\u0142ote karcze w rozstr\u00f3j, po\u015brodku miecz o takiej\u017c r\u0119koje\u015bci i g\u0142owni srebrnej w s\u0142up<\/strong>.<\/p>\n\n\n<div class=\"wp-block-image\">\n<figure class=\"aligncenter size-thumbnail\"><img loading=\"lazy\" decoding=\"async\" width=\"150\" height=\"150\" src=\"https:\/\/nowa.gozd.pl\/wp-content\/uploads\/2022\/07\/cropped-gozdikona2-150x150.jpg\" alt=\"\" class=\"wp-image-49\" srcset=\"https:\/\/nowa.gozd.pl\/wp-content\/uploads\/2022\/07\/cropped-gozdikona2-150x150.jpg 150w, https:\/\/nowa.gozd.pl\/wp-content\/uploads\/2022\/07\/cropped-gozdikona2-300x300.jpg 300w, https:\/\/nowa.gozd.pl\/wp-content\/uploads\/2022\/07\/cropped-gozdikona2.jpg 512w, https:\/\/nowa.gozd.pl\/wp-content\/uploads\/2022\/07\/cropped-gozdikona2-270x270.jpg 270w, https:\/\/nowa.gozd.pl\/wp-content\/uploads\/2022\/07\/cropped-gozdikona2-192x192.jpg 192w, https:\/\/nowa.gozd.pl\/wp-content\/uploads\/2022\/07\/cropped-gozdikona2-180x180.jpg 180w, https:\/\/nowa.gozd.pl\/wp-content\/uploads\/2022\/07\/cropped-gozdikona2-32x32.jpg 32w\" sizes=\"auto, (max-width: 150px) 100vw, 150px\" \/><\/figure>\n<\/div>\n\n\n<p><em>Uzasadnienie symboliki:&nbsp;<\/em><\/p>\n\n\n\n<p><em>Wi\u0119kszo\u015b\u0107 wiosek gminy powsta\u0142a w miejscach po wykarczowaniu nieprzebytych ost\u0119p\u00f3w Puszczy Radomskiej (Kozienickiej) st\u0105d symbole w postaci trzech z\u0142otych karcz\u00f3w. Na puszcza\u0144skie pochodzenie wielu wiosek gminy wskazuj\u0105 same ich nazwy: G\u00f3zd (niedost\u0119pny las), K\u0142on\u00f3w, Budy (sza\u0142asy le\u015bne), Kuczki (sza\u0142asy le\u015bne), Klwatka (pierwotnie Krwatka \u2014 z trudem zagospodarowany teren), Sobol\u00f3w, Lipiny, Karsz\u00f3wka (pierwotnie \u2014 Karcz\u00f3wka) czy Czarny Lasek. Miecz symbolizuje drobne rycerstwo (W\u0119\u017cyk\u00f3w, Zgraj\u00f3w, Doliwit\u00f3w, Powa\u0142\u00f3w, Awda\u0144c\u00f3w, Jastrz\u0119bc\u00f3w czy Korwinit\u00f3w) oraz W\u0142odyk\u00f3w rozsiedlonych w kilku wioskach gminy, kt\u00f3rego zadaniem by\u0142a obrona pobliskiego grodu i miasta Radomia.<\/em><\/p>\n\n\n\n<p><strong>Warto&nbsp;&nbsp;zobaczy\u0107:&nbsp;<\/strong><\/p>\n\n\n\n<p>Na terenie naszej Gminy znajduje si\u0119 historyczny obiekt sakralny &#8211;<strong>&nbsp;&nbsp;Ko\u015bci\u00f3\u0142&nbsp;&nbsp;p.w \u015aw. J\u00f3zefa Oblubie\u0144ca NMP w Kuczkach Kolonii<\/strong>, zbudowany w latach 1930-1935 w stylu neobarokowym, jednonawowy z transeptem, w kszta\u0142cie krzy\u017ca \u0142aci\u0144skiego, zwr\u00f3cony na zach\u00f3d. D\u0142ugo\u015b\u0107 Ko\u015bcio\u0142a wynosi 43 m, szeroko\u015b\u0107 10 m, d\u0142ugo\u015b\u0107 transeptu 25 m, szeroko\u015b\u0107 10 m. Ko\u015bci\u00f3\u0142 zosta\u0142 po\u015bwiecony 13 wrze\u015bnia 1934 r. przez ks. Bp.&nbsp;&nbsp;Jasi\u0144skiego, a konsekrowany 29 czerwca 1947 r. przez ks. Bp. Franciszka Jopa. Przy ko\u015bciele znajduje si\u0119 dzwonnica mieszcz\u0105ca dzwony: mniejszy \u201eJ\u00f3zef\u201d wa\u017cy 132 kg, wi\u0119kszy \u201eAdam\u201d wa\u017cy 247 kg .<\/p>\n\n\n\n<p>Parafia p.w. \u015bw. J\u00f3zefa Oblubie\u0144ca NMP obchodzi\u0142a w 2000 r. 100-lecie istnienia.&nbsp;<\/p>\n\n\n<div class=\"wp-block-image\">\n<figure class=\"aligncenter size-full\"><img loading=\"lazy\" decoding=\"async\" width=\"426\" height=\"284\" src=\"https:\/\/nowa.gozd.pl\/wp-content\/uploads\/2022\/07\/kosciolgozd.jpg\" alt=\"\" class=\"wp-image-185\" srcset=\"https:\/\/nowa.gozd.pl\/wp-content\/uploads\/2022\/07\/kosciolgozd.jpg 426w, https:\/\/nowa.gozd.pl\/wp-content\/uploads\/2022\/07\/kosciolgozd-300x200.jpg 300w\" sizes=\"auto, (max-width: 426px) 100vw, 426px\" \/><\/figure>\n<\/div>\n\n\n<p><strong>Ko\u015bci\u00f3\u0142 pod wezwaniem \u015aw. Andrzeja Boboli w Ma\u0142\u0119czynie<\/strong>, wybudowany w latach 1952-1956. Obok Ko\u015bcio\u0142a usytuowana jest dzwonnica z dzwonem o wadze 275 kg o imieniu \u201e\u015aw. Andrzej Bobola\u201d ufundowanym przez mieszka\u0144c\u00f3w Ma\u0142\u0119czyna, Janowa i Kiedrzyna.<\/p>\n\n\n<div class=\"wp-block-image\">\n<figure class=\"aligncenter size-full\"><img loading=\"lazy\" decoding=\"async\" width=\"400\" height=\"300\" src=\"https:\/\/nowa.gozd.pl\/wp-content\/uploads\/2022\/07\/krzyzgozd.jpg\" alt=\"\" class=\"wp-image-186\" srcset=\"https:\/\/nowa.gozd.pl\/wp-content\/uploads\/2022\/07\/krzyzgozd.jpg 400w, https:\/\/nowa.gozd.pl\/wp-content\/uploads\/2022\/07\/krzyzgozd-300x225.jpg 300w, https:\/\/nowa.gozd.pl\/wp-content\/uploads\/2022\/07\/krzyzgozd-326x245.jpg 326w, https:\/\/nowa.gozd.pl\/wp-content\/uploads\/2022\/07\/krzyzgozd-80x60.jpg 80w\" sizes=\"auto, (max-width: 400px) 100vw, 400px\" \/><\/figure>\n<\/div>\n\n\n<p>Liczne przydro\u017cne kapliczki usytuowane przy drogach i rozdro\u017cach gminy G\u00f3zd s\u0105 wyrazem wyznawanej wiary oraz pe\u0142ni\u0105 funkcj\u0119 przekazu historycznego i kulturowego, s\u0105 pami\u0105tk\u0105 po naszych przodkach i zdarzeniach, w kt\u00f3rych mieli oni sw\u00f3j udzia\u0142.&nbsp;<\/p>\n\n\n<div class=\"wp-block-image\">\n<figure class=\"aligncenter size-full\"><img loading=\"lazy\" decoding=\"async\" width=\"426\" height=\"284\" src=\"https:\/\/nowa.gozd.pl\/wp-content\/uploads\/2022\/07\/kapliczkagozd.jpg\" alt=\"\" class=\"wp-image-187\" srcset=\"https:\/\/nowa.gozd.pl\/wp-content\/uploads\/2022\/07\/kapliczkagozd.jpg 426w, https:\/\/nowa.gozd.pl\/wp-content\/uploads\/2022\/07\/kapliczkagozd-300x200.jpg 300w\" sizes=\"auto, (max-width: 426px) 100vw, 426px\" \/><figcaption class=\"wp-element-caption\"><em>Kapliczka w Grzmucinie<\/em><\/figcaption><\/figure>\n<\/div>\n\n<div class=\"wp-block-image\">\n<figure class=\"aligncenter size-full\"><img loading=\"lazy\" decoding=\"async\" width=\"418\" height=\"278\" src=\"https:\/\/nowa.gozd.pl\/wp-content\/uploads\/2022\/07\/kapliczkagozd2.jpg\" alt=\"\" class=\"wp-image-188\" srcset=\"https:\/\/nowa.gozd.pl\/wp-content\/uploads\/2022\/07\/kapliczkagozd2.jpg 418w, https:\/\/nowa.gozd.pl\/wp-content\/uploads\/2022\/07\/kapliczkagozd2-300x200.jpg 300w\" sizes=\"auto, (max-width: 418px) 100vw, 418px\" \/><figcaption class=\"wp-element-caption\"><em>Kapliczka w Wojs\u0142awicach<\/em><\/figcaption><\/figure>\n<\/div>\n\n\n<p><\/p>\n\n\n\n<p><\/p>\n","protected":false},"excerpt":{"rendered":"<div class=\"mh-excerpt\"><p>Gmina G\u00f3zd&nbsp;jest jedn\u0105 z 13 gmin powiatu radomskiego. Znajduje si\u0119 w centralnej cz\u0119\u015bci Polski przy drodze krajowej nr 12 \u0141\u00f3d\u017a\u2013Radom\u2013Lublin. Najbli\u017csz\u0105 du\u017c\u0105 aglomeracj\u0105 jest Radom, oddalony od gminy o 18 km. Gmina zajmuje powierzchni\u0119&nbsp; 7 <a class=\"mh-excerpt-more\" href=\"https:\/\/nowa.gozd.pl\/?p=53\" title=\"O Gminie\">[&#8230;]<\/a><\/p>\n<\/div>","protected":false},"author":1,"featured_media":0,"comment_status":"open","ping_status":"open","sticky":false,"template":"template-full.php","format":"standard","meta":{"footnotes":""},"categories":[1],"tags":[],"class_list":{"0":"post-53","1":"post","2":"type-post","3":"status-publish","4":"format-standard","6":"category-uncategorized"},"_links":{"self":[{"href":"https:\/\/nowa.gozd.pl\/index.php?rest_route=\/wp\/v2\/posts\/53","targetHints":{"allow":["GET"]}}],"collection":[{"href":"https:\/\/nowa.gozd.pl\/index.php?rest_route=\/wp\/v2\/posts"}],"about":[{"href":"https:\/\/nowa.gozd.pl\/index.php?rest_route=\/wp\/v2\/types\/post"}],"author":[{"embeddable":true,"href":"https:\/\/nowa.gozd.pl\/index.php?rest_route=\/wp\/v2\/users\/1"}],"replies":[{"embeddable":true,"href":"https:\/\/nowa.gozd.pl\/index.php?rest_route=%2Fwp%2Fv2%2Fcomments&post=53"}],"version-history":[{"count":4,"href":"https:\/\/nowa.gozd.pl\/index.php?rest_route=\/wp\/v2\/posts\/53\/revisions"}],"predecessor-version":[{"id":1182,"href":"https:\/\/nowa.gozd.pl\/index.php?rest_route=\/wp\/v2\/posts\/53\/revisions\/1182"}],"wp:attachment":[{"href":"https:\/\/nowa.gozd.pl\/index.php?rest_route=%2Fwp%2Fv2%2Fmedia&parent=53"}],"wp:term":[{"taxonomy":"category","embeddable":true,"href":"https:\/\/nowa.gozd.pl\/index.php?rest_route=%2Fwp%2Fv2%2Fcategories&post=53"},{"taxonomy":"post_tag","embeddable":true,"href":"https:\/\/nowa.gozd.pl\/index.php?rest_route=%2Fwp%2Fv2%2Ftags&post=53"}],"curies":[{"name":"wp","href":"https:\/\/api.w.org\/{rel}","templated":true}]}}