{"id":538,"date":"2022-10-28T09:16:32","date_gmt":"2022-10-28T09:16:32","guid":{"rendered":"https:\/\/nowa.gozd.pl\/?p=538"},"modified":"2022-10-28T09:16:33","modified_gmt":"2022-10-28T09:16:33","slug":"koordynator-ds-dostepnosci","status":"publish","type":"post","link":"https:\/\/nowa.gozd.pl\/?p=538","title":{"rendered":"Koordynator ds. dost\u0119pno\u015bci"},"content":{"rendered":"\n<p>Koordynator dost\u0119pno\u015bci odpowiada za wsparcie os\u00f3b ze szczeg\u00f3lnymi potrzebami w dost\u0119pie do us\u0142ug \u015bwiadczonych przez Urz\u0105d Gminy w Go\u017adzie oraz monitorowanie zapewnienia przez ten urz\u0105d dost\u0119pno\u015bci osobom ze szczeg\u00f3lnymi potrzebami. Ponadto koordynator sporz\u0105dza plan dzia\u0142ania na rzecz poprawy zapewniania dost\u0119pno\u015bci osobom ze szczeg\u00f3lnymi potrzebami w Urz\u0119dzie Gminy w Go\u017adzie.<\/p>\n\n\n\n<p>&nbsp;<strong>Zadania Koordynatora dost\u0119pno\u015bci:<\/strong><\/p>\n\n\n\n<ol class=\"has-small-font-size wp-block-list\"><li>Wsparcie os\u00f3b ze szczeg\u00f3lnymi potrzebami w dost\u0119pie do us\u0142ug \u015bwiadczonych przez Urz\u0105d,<\/li><li>Przygotowanie i koordynacja wdro\u017cenia planu dzia\u0142ania na rzecz poprawy zapewnienia dost\u0119pno\u015bci osobom ze szczeg\u00f3lnymi potrzebami, zgodnie z minimalnymi wymaganiami s\u0142u\u017c\u0105cymi zapewnieniu dost\u0119pno\u015bci, okre\u015blonymi w art. 6 ustawy z dnia 19 lipca 2019 r. o zapewnianiu dost\u0119pno\u015bci osobom ze szczeg\u00f3lnymi potrzebami (Dz.U. z 2019 r. poz. 1696 z p\u00f3\u017an. zm.),<\/li><li>Monitorowanie dzia\u0142alno\u015bci Urz\u0119du w zakresie zapewnienia dost\u0119pno\u015bci osobom ze szczeg\u00f3lnymi potrzebami,<\/li><li>Przedstawianie W\u00f3jtowi Gminy bie\u017c\u0105cych informacji o podejmowanych dzia\u0142aniach &nbsp;realizowanych zada\u0144,<\/li><li>Sporz\u0105dzanie raportu zbiorczego o stanie zapewnienia dost\u0119pno\u015bci osobom ze szczeg\u00f3lnymi potrzebami.<\/li><\/ol>\n\n\n\n<p><strong>Kontakt<\/strong><\/p>\n\n\n\n<p>Koordynator do spraw dost\u0119pno\u015bci w Urz\u0119dzie Gminy w Go\u017adzie<\/p>\n\n\n\n<ul class=\"has-small-font-size wp-block-list\"><li><strong>Anna Zieli\u0144ska \u2013 inspektor ds. bezpiecze\u0144stwa i higieny pracy w Urz\u0119dzie Gminy w Go\u017adzie<\/strong><\/li><\/ul>\n\n\n\n<p><strong>Telefon kontaktowy: 48\/320-20-97, 320-20-82<\/strong><\/p>\n\n\n\n<p><strong>e-mail: bhp@gozd.pl<\/strong><\/p>\n\n\n\n<p>Podstawa Prawna<\/p>\n\n\n\n<p>Ustawa z dnia 19 lipca 2019 r. o zapewnieniu dost\u0119pno\u015bci osobom ze szczeg\u00f3lnymi potrzebami (Dz.U. 2019 poz. 1696 z p\u00f3\u017an. zm.)<\/p>\n","protected":false},"excerpt":{"rendered":"<div class=\"mh-excerpt\"><p>Koordynator dost\u0119pno\u015bci odpowiada za wsparcie os\u00f3b ze szczeg\u00f3lnymi potrzebami w dost\u0119pie do us\u0142ug \u015bwiadczonych przez Urz\u0105d Gminy w Go\u017adzie oraz monitorowanie zapewnienia przez ten urz\u0105d dost\u0119pno\u015bci osobom ze szczeg\u00f3lnymi potrzebami. Ponadto koordynator sporz\u0105dza plan dzia\u0142ania <a class=\"mh-excerpt-more\" href=\"https:\/\/nowa.gozd.pl\/?p=538\" title=\"Koordynator ds. dost\u0119pno\u015bci\">[&#8230;]<\/a><\/p>\n<\/div>","protected":false},"author":1,"featured_media":0,"comment_status":"closed","ping_status":"closed","sticky":false,"template":"template-full.php","format":"standard","meta":{"footnotes":""},"categories":[1],"tags":[],"class_list":{"0":"post-538","1":"post","2":"type-post","3":"status-publish","4":"format-standard","6":"category-uncategorized"},"_links":{"self":[{"href":"https:\/\/nowa.gozd.pl\/index.php?rest_route=\/wp\/v2\/posts\/538","targetHints":{"allow":["GET"]}}],"collection":[{"href":"https:\/\/nowa.gozd.pl\/index.php?rest_route=\/wp\/v2\/posts"}],"about":[{"href":"https:\/\/nowa.gozd.pl\/index.php?rest_route=\/wp\/v2\/types\/post"}],"author":[{"embeddable":true,"href":"https:\/\/nowa.gozd.pl\/index.php?rest_route=\/wp\/v2\/users\/1"}],"replies":[{"embeddable":true,"href":"https:\/\/nowa.gozd.pl\/index.php?rest_route=%2Fwp%2Fv2%2Fcomments&post=538"}],"version-history":[{"count":1,"href":"https:\/\/nowa.gozd.pl\/index.php?rest_route=\/wp\/v2\/posts\/538\/revisions"}],"predecessor-version":[{"id":539,"href":"https:\/\/nowa.gozd.pl\/index.php?rest_route=\/wp\/v2\/posts\/538\/revisions\/539"}],"wp:attachment":[{"href":"https:\/\/nowa.gozd.pl\/index.php?rest_route=%2Fwp%2Fv2%2Fmedia&parent=538"}],"wp:term":[{"taxonomy":"category","embeddable":true,"href":"https:\/\/nowa.gozd.pl\/index.php?rest_route=%2Fwp%2Fv2%2Fcategories&post=538"},{"taxonomy":"post_tag","embeddable":true,"href":"https:\/\/nowa.gozd.pl\/index.php?rest_route=%2Fwp%2Fv2%2Ftags&post=538"}],"curies":[{"name":"wp","href":"https:\/\/api.w.org\/{rel}","templated":true}]}}