{"id":575,"date":"2022-10-31T10:18:43","date_gmt":"2022-10-31T10:18:43","guid":{"rendered":"https:\/\/nowa.gozd.pl\/?p=575"},"modified":"2026-03-18T10:08:59","modified_gmt":"2026-03-18T10:08:59","slug":"ochotnicza-straz-pozarna","status":"publish","type":"post","link":"https:\/\/nowa.gozd.pl\/?p=575","title":{"rendered":"Ochotnicza Stra\u017c Po\u017carna"},"content":{"rendered":"\n<p><strong>Ochotnicza Stra\u017c Po\u017carna&nbsp;<\/strong>jest jednostk\u0105 umundurowan\u0105, wyposa\u017con\u0105&nbsp;&nbsp;w specjalistyczny sprz\u0119t, przeznaczon\u0105 w szczeg\u00f3lno\u015bci do walki z po\u017carami, kl\u0119skami \u017cywio\u0142owymi lub innymi miejscowymi zagro\u017ceniami. Funkcjonuje w oparciu o przepisy ustawy &#8211; Prawo o stowarzyszeniach oraz ustawy z dnia 24 sierpnia 1991 roku o ochronie przeciwpo\u017carowej, a tak\u017ce statutu, kt\u00f3ry okre\u015bla zadania i organizacj\u0119 ochotniczej stra\u017cy po\u017carnej.<\/p>\n\n\n\n<p><strong>OSP na terenie gminy G\u00f3zd<\/strong><\/p>\n\n\n\n<p>Na terenie gminy dzia\u0142a 7 jednostek OSP, w tym 6 typu S (samochodowych). Trzy jednostki: G\u00f3zd, Grzmucin i Kuczki-Kolonia nale\u017c\u0105 do KSRG. W ka\u017cdej z jednostek funkcjonuj\u0105 M\u0142odzie\u017cowe Dru\u017cyny Po\u017carnicze.<\/p>\n\n\n\n<p>Wymienione jednostki OSP zarejestrowane s\u0105 jako stowarzyszenia w Krajowym Rejestrze S\u0105dowym, posiadaj\u0105 nadany NIP i REGON, a wi\u0119c s\u0105 jednostkami organizacyjnymi posiadaj\u0105cymi osobowo\u015b\u0107 prawn\u0105.&nbsp;<\/p>\n\n\n\n<p>We wszystkich jednostkach powo\u0142ane s\u0105 zarz\u0105dy, kt\u00f3rych cz\u0142onkowie s\u0105 bezpo\u015brednio odpowiedzialni za funkcjonowanie danej jednostki.&nbsp;<\/p>\n\n\n\n<p class=\"has-text-align-center has-vivid-red-color has-text-color has-link-color wp-elements-d3d560e852c7ed3fbcd78e0aa8c877af\"><strong>Sk\u0142ad Zarz\u0105du poszczeg\u00f3lnych jednostek OSP Gmina G\u00f3zd<\/strong><\/p>\n\n\n\n<p class=\"has-text-align-center has-vivid-red-color has-text-color has-link-color wp-elements-68690c1d51512b8361c2a8b5f51cd157\"><strong>Kadencja 2026 \u2013 2031<\/strong><\/p>\n\n\n\n<p class=\"has-vivid-red-color has-text-color has-link-color wp-elements-70f8cdf9075187b2d16ba562d8268d48\"><strong>OSP Klwatka Kr\u00f3lewska<\/strong><\/p>\n\n\n\n<figure class=\"wp-block-table\"><table class=\"has-fixed-layout\"><tbody><tr><td><strong>Funkcja<\/strong><\/td><td><strong>Imi\u0119 i nazwisko<\/strong><\/td><\/tr><tr><td>Prezes<\/td><td>Daniel Grylak<\/td><\/tr><tr><td>Wiceprezes<\/td><td>Rados\u0142aw Hernik<\/td><\/tr><tr><td>Naczelnik<\/td><td>Andrzej Pszczo\u0142a<\/td><\/tr><tr><td>Gospodarz<\/td><td>Dawid Koniarz<\/td><\/tr><tr><td>Skarbnik<\/td><td>Leszek \u017baczek<\/td><\/tr><tr><td>Sekretarz<\/td><td>Dawid Kami\u0144ski<\/td><\/tr><tr><td>Kronikarz<\/td><td>Weronika W\u00f3jcik<\/td><\/tr><\/tbody><\/table><\/figure>\n\n\n\n<p class=\"has-vivid-red-color has-text-color has-link-color wp-elements-370ea6de09fdea74df9087f40d25d05a\"><strong>OSP Wojs\u0142awice<\/strong><\/p>\n\n\n\n<figure class=\"wp-block-table\"><table class=\"has-fixed-layout\"><tbody><tr><td><strong>Funkcja<\/strong><\/td><td><strong>Imi\u0119 i nazwisko<\/strong><\/td><\/tr><tr><td>Prezes<\/td><td>Pawe\u0142 Socha<\/td><\/tr><tr><td>Wiceprezes<\/td><td>Gustaw G\u00f3rka<\/td><\/tr><tr><td>Gospodarz<\/td><td>Artur Bekasiewicz<\/td><\/tr><tr><td>Skarbnik<\/td><td>Andrzej Skrok<\/td><\/tr><tr><td>Sekretarz<\/td><td>Micha\u0142 G\u00f3\u017ad\u017a<\/td><\/tr><\/tbody><\/table><\/figure>\n\n\n\n<p class=\"has-vivid-red-color has-text-color has-link-color wp-elements-c0b7ba52ecd9a296feeac949db416de7\"><strong>OSP Grzmucin<\/strong><\/p>\n\n\n\n<figure class=\"wp-block-table\"><table class=\"has-fixed-layout\"><tbody><tr><td><strong>Funkcja<\/strong><\/td><td><strong>Imi\u0119 i nazwisko<\/strong><\/td><\/tr><tr><td>Prezes<\/td><td>Tadeusz G\u0119bski<\/td><\/tr><tr><td>Wiceprezes<\/td><td>Grzegorz W\u0119glicki<\/td><\/tr><tr><td>Naczelnik<\/td><td>Tomasz Kwiatkowski<\/td><\/tr><tr><td>Gospodarz<\/td><td>Bo\u017cena W\u0119glicka<\/td><\/tr><tr><td>Skarbnik<\/td><td>Micha\u0142 G\u0119bski<\/td><\/tr><tr><td>Sekretarz<\/td><td>Micha\u0142 Suwa\u0142a<\/td><\/tr><tr><td>Cz\u0142onek Zarz\u0105du<\/td><td>Maciej Kalbarczyk<\/td><\/tr><\/tbody><\/table><\/figure>\n\n\n\n<p class=\"has-vivid-red-color has-text-color has-link-color wp-elements-f0ce31296744e11c492a2f1168589439\"><strong>OSP Kiedrzyn<\/strong><\/p>\n\n\n\n<figure class=\"wp-block-table\"><table class=\"has-fixed-layout\"><tbody><tr><td><strong>Funkcja<\/strong><\/td><td><strong>Imi\u0119 i nazwisko<\/strong><\/td><\/tr><tr><td>Prezes<\/td><td>Rafa\u0142 Chojnacki<\/td><\/tr><tr><td>Wiceprezes<\/td><td>Adrian Brzeski<\/td><\/tr><tr><td>Naczelnik<\/td><td>\u0141ukasz Petniak<\/td><\/tr><tr><td>Zast\u0119pca Naczelnika<\/td><td>Micha\u0142 Kucharski<\/td><\/tr><tr><td>Skarbnik<\/td><td>Dominika Zawada<\/td><\/tr><tr><td>Kronikarz<\/td><td>Piotr Go\u0142\u0105bek<\/td><\/tr><\/tbody><\/table><\/figure>\n\n\n\n<p class=\"has-vivid-red-color has-text-color has-link-color wp-elements-baa3600aeee341d91a574ad837e1e4cb\"><strong>OSP Kuczki-Kolonia<\/strong><\/p>\n\n\n\n<figure class=\"wp-block-table\"><table class=\"has-fixed-layout\"><tbody><tr><td><strong>Funkcja<\/strong><\/td><td><strong>Imi\u0119 i nazwisko<\/strong><\/td><\/tr><tr><td>Prezes<\/td><td>Artur Stanios<\/td><\/tr><tr><td>Naczelnik<\/td><td>Rados\u0142aw Guga\u0142a<\/td><\/tr><tr><td>Zast\u0119pca Naczelnika<\/td><td>\u0141ukasz Cyba<\/td><\/tr><tr><td>Skarbnik<\/td><td>W\u0142adys\u0142aw W\u0119gli\u0144ski<\/td><\/tr><tr><td>Sekretarz<\/td><td>\u0141ukasz Nakoneczny<\/td><\/tr><\/tbody><\/table><\/figure>\n\n\n\n<p class=\"has-vivid-red-color has-text-color has-link-color wp-elements-6ac3df3ed9f682a1eb15448789d0117b\"><strong>OSP K\u0142on\u00f3wek-Wie\u015b<\/strong><\/p>\n\n\n\n<figure class=\"wp-block-table\"><table class=\"has-fixed-layout\"><tbody><tr><td><strong>Funkcja<\/strong><\/td><td><strong>Imi\u0119 i nazwisko<\/strong><\/td><\/tr><tr><td>Prezes<\/td><td>Ireneusz St\u0119pie\u0144<\/td><\/tr><tr><td>Wiceprezes<\/td><td>Tomasz Adamczyk<\/td><\/tr><tr><td>Naczelnik<\/td><td>Bart\u0142omiej Korcz<\/td><\/tr><tr><td>Gospodarz<\/td><td>Wojciech Korcz<\/td><\/tr><tr><td>Skarbnik<\/td><td>Janusz Serafin<\/td><\/tr><tr><td>Sekretarz<\/td><td>Arkadiusz Marchewka<\/td><\/tr><\/tbody><\/table><\/figure>\n\n\n\n<p class=\"has-vivid-red-color has-text-color has-link-color wp-elements-518839eedfa7654b741d25af12b8374e\"><strong>OSP G\u00f3zd<\/strong><\/p>\n\n\n\n<figure class=\"wp-block-table\"><table class=\"has-fixed-layout\"><tbody><tr><td><strong>Funkcja<\/strong><\/td><td><strong>Imi\u0119 i nazwisko<\/strong><\/td><\/tr><tr><td>Prezes<\/td><td>Pawe\u0142 Miko\u0142ajczyk<\/td><\/tr><tr><td>Wiceprezes-Naczelnik<\/td><td>Jacek Tkaczyk<\/td><\/tr><tr><td>Wiceprezes<\/td><td>Roman Tuszy\u0144ski<\/td><\/tr><tr><td>Gospodarz<\/td><td>Kamil Iwa\u0144ski<\/td><\/tr><tr><td>Skarbnik<\/td><td>Pawe\u0142 Gorzkiewicz<\/td><\/tr><tr><td>Sekretarz<\/td><td>Marcin Mital<\/td><\/tr><tr><td>Cz\u0142onek<\/td><td>Agata Tkaczyk<\/td><\/tr><\/tbody><\/table><\/figure>\n\n\n\n<p>Koordynacja dzia\u0142a\u0144 jednostek z terenu ca\u0142ej gminy odbywa si\u0119 poprzez Zarz\u0105d Oddzia\u0142u Gminnego Zwi\u0105zku OSP RP.&nbsp;<\/p>\n\n\n\n<p><\/p>\n\n\n\n<p><strong>ZARZ\u0104D ODDZIA\u0141U GMINNEGO ZOSP RP wybrany podczas zjazdu w dniu 3 lipca 2021 r.<\/strong><\/p>\n\n\n\n<figure class=\"wp-block-table has-small-font-size\"><table><tbody><tr><td><strong>Lp.<\/strong><\/td><td><strong>Funkcja<\/strong><\/td><td><strong>Imi\u0119 i nazwisko<\/strong><\/td><\/tr><tr><td>1.<\/td><td>Prezes<\/td><td>Pawe\u0142 Miko\u0142ajczyk<\/td><\/tr><tr><td>2.<\/td><td>Wiceprezes<\/td><td>Jan Wasiak<\/td><\/tr><tr><td>3.<\/td><td>Wiceperezes<\/td><td>Jaros\u0142aw Paj\u0105k<\/td><\/tr><tr><td>4.<\/td><td>Wiceprezes<\/td><td>Tadeusz G\u0119bski<\/td><\/tr><tr><td>5.<\/td><td>Komendant Gminny<\/td><td>Rafa\u0142 Chojnacki<\/td><\/tr><tr><td>6.<\/td><td>Sekretarz<\/td><td>\u0141ukasz Drab<\/td><\/tr><tr><td>7.<\/td><td>Skarbnik<\/td><td>Pawe\u0142 Gorzkiewicz<\/td><\/tr><tr><td>8.<\/td><td>Cz\u0142onek Prezydium<\/td><td>Pawe\u0142 Socha<\/td><\/tr><tr><td>9.<\/td><td>Cz\u0142onek Prezydium<\/td><td>Robert W\u00f3jcik<\/td><\/tr><tr><td>10.<\/td><td>Cz\u0142onek Prezydium<\/td><td>Wies\u0142aw Tkaczyk<\/td><\/tr><tr><td>11.<\/td><td>Cz\u0142onek<\/td><td>Ireneusz St\u0119pie\u0144<\/td><\/tr><tr><td>12.<\/td><td>Czlonek<\/td><td>Daniel Grylak<\/td><\/tr><\/tbody><\/table><\/figure>\n\n\n\n<p><strong>KOMISJA REWIZYJNA<\/strong><\/p>\n\n\n\n<p>Przewodnicz\u0105cy &#8211; Marzena Pszczo\u0142a<\/p>\n\n\n\n<p>Sekretarz &#8211; Jan Marczykowski<\/p>\n\n\n\n<p>Cz\u0142onek &#8211; Rafa\u0142 Gromski<\/p>\n\n\n\n<p><strong>DELEGACI NA ZJAZD ODDZIA\u0141U POWIATOWEGO ZOSP RP<\/strong><\/p>\n\n\n\n<p>Delegat &#8211; Pawe\u0142 Dziewit<\/p>\n\n\n\n<p>Delegat &#8211; Pawe\u0142 Miko\u0142ajczyk<\/p>\n\n\n\n<p>Delegat &#8211; Jan Wasiak<\/p>\n\n\n\n<p><strong>PRZEDSTAWICIELE ZARZ\u0104DU ODDZIA\u0141U GMINNEGO ZOSP RP DO ZARZ\u0104DU ODDZIA\u0141U POWIATOWEGO ZOSP RP<\/strong><\/p>\n\n\n\n<p>Przedstawiciel &#8211; Pawe\u0142 Miko\u0142ajczyk<\/p>\n\n\n\n<p>Przedstawiciel &#8211; Jan Wasiak<\/p>\n","protected":false},"excerpt":{"rendered":"<div class=\"mh-excerpt\"><p>Ochotnicza Stra\u017c Po\u017carna&nbsp;jest jednostk\u0105 umundurowan\u0105, wyposa\u017con\u0105&nbsp;&nbsp;w specjalistyczny sprz\u0119t, przeznaczon\u0105 w szczeg\u00f3lno\u015bci do walki z po\u017carami, kl\u0119skami \u017cywio\u0142owymi lub innymi miejscowymi zagro\u017ceniami. Funkcjonuje w oparciu o przepisy ustawy &#8211; Prawo o stowarzyszeniach oraz ustawy z dnia <a class=\"mh-excerpt-more\" href=\"https:\/\/nowa.gozd.pl\/?p=575\" title=\"Ochotnicza Stra\u017c Po\u017carna\">[&#8230;]<\/a><\/p>\n<\/div>","protected":false},"author":1,"featured_media":0,"comment_status":"closed","ping_status":"closed","sticky":false,"template":"template-full.php","format":"standard","meta":{"footnotes":""},"categories":[1],"tags":[],"class_list":{"0":"post-575","1":"post","2":"type-post","3":"status-publish","4":"format-standard","6":"category-uncategorized"},"_links":{"self":[{"href":"https:\/\/nowa.gozd.pl\/index.php?rest_route=\/wp\/v2\/posts\/575","targetHints":{"allow":["GET"]}}],"collection":[{"href":"https:\/\/nowa.gozd.pl\/index.php?rest_route=\/wp\/v2\/posts"}],"about":[{"href":"https:\/\/nowa.gozd.pl\/index.php?rest_route=\/wp\/v2\/types\/post"}],"author":[{"embeddable":true,"href":"https:\/\/nowa.gozd.pl\/index.php?rest_route=\/wp\/v2\/users\/1"}],"replies":[{"embeddable":true,"href":"https:\/\/nowa.gozd.pl\/index.php?rest_route=%2Fwp%2Fv2%2Fcomments&post=575"}],"version-history":[{"count":6,"href":"https:\/\/nowa.gozd.pl\/index.php?rest_route=\/wp\/v2\/posts\/575\/revisions"}],"predecessor-version":[{"id":3530,"href":"https:\/\/nowa.gozd.pl\/index.php?rest_route=\/wp\/v2\/posts\/575\/revisions\/3530"}],"wp:attachment":[{"href":"https:\/\/nowa.gozd.pl\/index.php?rest_route=%2Fwp%2Fv2%2Fmedia&parent=575"}],"wp:term":[{"taxonomy":"category","embeddable":true,"href":"https:\/\/nowa.gozd.pl\/index.php?rest_route=%2Fwp%2Fv2%2Fcategories&post=575"},{"taxonomy":"post_tag","embeddable":true,"href":"https:\/\/nowa.gozd.pl\/index.php?rest_route=%2Fwp%2Fv2%2Ftags&post=575"}],"curies":[{"name":"wp","href":"https:\/\/api.w.org\/{rel}","templated":true}]}}