{"id":81,"date":"2022-07-25T08:13:52","date_gmt":"2022-07-25T08:13:52","guid":{"rendered":"https:\/\/nowa.gozd.pl\/?p=81"},"modified":"2024-04-19T11:01:11","modified_gmt":"2024-04-19T11:01:11","slug":"przetargi","status":"publish","type":"post","link":"https:\/\/nowa.gozd.pl\/?p=81","title":{"rendered":"ROZK\u0141ADY JAZDY"},"content":{"rendered":"\n<p>Rozk\u0142ad jazdy: K\u0142on\u00f3wek-Kuczki-Radom<\/p>\n\n\n\n<figure class=\"wp-block-image size-full\"><img loading=\"lazy\" decoding=\"async\" width=\"708\" height=\"402\" src=\"https:\/\/nowa.gozd.pl\/wp-content\/uploads\/2022\/07\/Klonowek_Radom.jpg\" alt=\"\" class=\"wp-image-1308\" srcset=\"https:\/\/nowa.gozd.pl\/wp-content\/uploads\/2022\/07\/Klonowek_Radom.jpg 708w, https:\/\/nowa.gozd.pl\/wp-content\/uploads\/2022\/07\/Klonowek_Radom-300x170.jpg 300w\" sizes=\"auto, (max-width: 708px) 100vw, 708px\" \/><\/figure>\n\n\n\n<p>Rozk\u0142ad jazdy: Podg\u00f3ra-G\u00f3zd-Klwatka-Ma\u0142\u0119czyn-Radom<\/p>\n\n\n\n<figure class=\"wp-block-image size-full\"><img loading=\"lazy\" decoding=\"async\" width=\"716\" height=\"473\" src=\"https:\/\/nowa.gozd.pl\/wp-content\/uploads\/2022\/07\/Podgora_Radom.jpg\" alt=\"\" class=\"wp-image-1309\" srcset=\"https:\/\/nowa.gozd.pl\/wp-content\/uploads\/2022\/07\/Podgora_Radom.jpg 716w, https:\/\/nowa.gozd.pl\/wp-content\/uploads\/2022\/07\/Podgora_Radom-300x198.jpg 300w\" sizes=\"auto, (max-width: 716px) 100vw, 716px\" \/><\/figure>\n\n\n\n<p>Rozk\u0142ad jazdy: Radom-Kuczki-K\u0142on\u00f3wek<\/p>\n\n\n\n<figure class=\"wp-block-image size-full\"><img loading=\"lazy\" decoding=\"async\" width=\"722\" height=\"439\" src=\"https:\/\/nowa.gozd.pl\/wp-content\/uploads\/2022\/07\/Radom_Klonowek.jpg\" alt=\"\" class=\"wp-image-1310\" srcset=\"https:\/\/nowa.gozd.pl\/wp-content\/uploads\/2022\/07\/Radom_Klonowek.jpg 722w, https:\/\/nowa.gozd.pl\/wp-content\/uploads\/2022\/07\/Radom_Klonowek-300x182.jpg 300w\" sizes=\"auto, (max-width: 722px) 100vw, 722px\" \/><\/figure>\n","protected":false},"excerpt":{"rendered":"<div class=\"mh-excerpt\"><p>Rozk\u0142ad jazdy: K\u0142on\u00f3wek-Kuczki-Radom Rozk\u0142ad jazdy: Podg\u00f3ra-G\u00f3zd-Klwatka-Ma\u0142\u0119czyn-Radom Rozk\u0142ad jazdy: Radom-Kuczki-K\u0142on\u00f3wek<\/p>\n<\/div>","protected":false},"author":1,"featured_media":0,"comment_status":"closed","ping_status":"open","sticky":false,"template":"template-full.php","format":"standard","meta":{"footnotes":""},"categories":[1],"tags":[],"class_list":{"0":"post-81","1":"post","2":"type-post","3":"status-publish","4":"format-standard","6":"category-uncategorized"},"_links":{"self":[{"href":"https:\/\/nowa.gozd.pl\/index.php?rest_route=\/wp\/v2\/posts\/81","targetHints":{"allow":["GET"]}}],"collection":[{"href":"https:\/\/nowa.gozd.pl\/index.php?rest_route=\/wp\/v2\/posts"}],"about":[{"href":"https:\/\/nowa.gozd.pl\/index.php?rest_route=\/wp\/v2\/types\/post"}],"author":[{"embeddable":true,"href":"https:\/\/nowa.gozd.pl\/index.php?rest_route=\/wp\/v2\/users\/1"}],"replies":[{"embeddable":true,"href":"https:\/\/nowa.gozd.pl\/index.php?rest_route=%2Fwp%2Fv2%2Fcomments&post=81"}],"version-history":[{"count":4,"href":"https:\/\/nowa.gozd.pl\/index.php?rest_route=\/wp\/v2\/posts\/81\/revisions"}],"predecessor-version":[{"id":1312,"href":"https:\/\/nowa.gozd.pl\/index.php?rest_route=\/wp\/v2\/posts\/81\/revisions\/1312"}],"wp:attachment":[{"href":"https:\/\/nowa.gozd.pl\/index.php?rest_route=%2Fwp%2Fv2%2Fmedia&parent=81"}],"wp:term":[{"taxonomy":"category","embeddable":true,"href":"https:\/\/nowa.gozd.pl\/index.php?rest_route=%2Fwp%2Fv2%2Fcategories&post=81"},{"taxonomy":"post_tag","embeddable":true,"href":"https:\/\/nowa.gozd.pl\/index.php?rest_route=%2Fwp%2Fv2%2Ftags&post=81"}],"curies":[{"name":"wp","href":"https:\/\/api.w.org\/{rel}","templated":true}]}}